{"id":1018,"date":"2024-05-20T19:01:17","date_gmt":"2024-05-20T17:01:17","guid":{"rendered":"https:\/\/www.felsenhaus.church\/?p=1018"},"modified":"2024-05-20T19:01:17","modified_gmt":"2024-05-20T17:01:17","slug":"pfingsten-und-zungenrede-br-beitrag","status":"publish","type":"post","link":"https:\/\/pfingstgemeinde-duisburg.de\/?p=1018","title":{"rendered":"Pfingsten und Zungenrede (BR Beitrag)"},"content":{"rendered":"<p>[et_pb_section fb_built=&#8221;1&#8243; admin_label=&#8221;Hero&#8221; _builder_version=&#8221;4.27.2&#8243; use_background_color_gradient=&#8221;on&#8221; background_color_gradient_stops=&#8221;rgba(255,255,255,0.44) 0%|rgba(0,0,0,0.12) 100%&#8221; background_color_gradient_overlays_image=&#8221;on&#8221; background_color_gradient_start=&#8221;rgba(0,0,0,0.11)&#8221; background_color_gradient_end=&#8221;rgba(0,0,0,0.34)&#8221; background_image=&#8221;https:\/\/pfingstgemeinde-duisburg.de\/wp-content\/uploads\/2024\/10\/Peter-on-pentecost1.webp&#8221; custom_padding=&#8221;23px|0px|27px|0px|false|false&#8221; animation_style=&#8221;zoom&#8221; animation_intensity_zoom=&#8221;4%&#8221; global_colors_info=&#8221;{}&#8221;][et_pb_row _builder_version=&#8221;4.16&#8243; background_size=&#8221;initial&#8221; background_position=&#8221;top_left&#8221; background_repeat=&#8221;repeat&#8221; custom_padding=&#8221;|||&#8221; animation_style=&#8221;slide&#8221; animation_direction=&#8221;top&#8221; animation_intensity_slide=&#8221;3%&#8221; global_colors_info=&#8221;{}&#8221;][et_pb_column type=&#8221;4_4&#8243; _builder_version=&#8221;4.16&#8243; custom_padding=&#8221;|||&#8221; global_colors_info=&#8221;{}&#8221; custom_padding__hover=&#8221;|||&#8221;][et_pb_text _builder_version=&#8221;4.27.2&#8243; text_font=&#8221;||||||||&#8221; header_font=&#8221;Montserrat|700||on|||||&#8221; header_text_color=&#8221;#ffffff&#8221; header_font_size=&#8221;60px&#8221; header_line_height=&#8221;1.3em&#8221; header_2_font=&#8221;||||||||&#8221; background_color=&#8221;rgba(0,0,0,0.4)&#8221; background_size=&#8221;initial&#8221; background_position=&#8221;top_left&#8221; background_repeat=&#8221;repeat&#8221; custom_margin=&#8221;|||&#8221; animation_style=&#8221;fade&#8221; header_font_size_last_edited=&#8221;off|desktop&#8221; box_shadow_style=&#8221;preset2&#8243; locked=&#8221;off&#8221; global_colors_info=&#8221;{}&#8221;]<\/p>\n<h1 class=\"entry-title\">Pfingsten und Zungenrede<\/h1>\n<p>[\/et_pb_text][et_pb_text _builder_version=&#8221;4.27.0&#8243; text_font=&#8221;||||||||&#8221; text_text_color=&#8221;#ffffff&#8221; text_font_size=&#8221;24px&#8221; text_line_height=&#8221;1.8em&#8221; use_background_color_gradient=&#8221;on&#8221; background_color_gradient_stops=&#8221;rgba(0,0,0,0.19) 0%|rgba(0,0,0,0.68) 100%&#8221; background_color_gradient_start=&#8221;rgba(0,0,0,0.19)&#8221; background_color_gradient_end=&#8221;rgba(0,0,0,0.68)&#8221; background_enable_image=&#8221;off&#8221; background_repeat=&#8221;repeat&#8221; max_width=&#8221;700px&#8221; module_alignment=&#8221;left&#8221; animation_style=&#8221;flip&#8221; animation_direction=&#8221;top&#8221; animation_intensity_flip=&#8221;20%&#8221; locked=&#8221;off&#8221; global_colors_info=&#8221;{}&#8221;]<\/p>\n<p>Neutestamentliche Perspektiven<\/p>\n<p>[\/et_pb_text][\/et_pb_column][\/et_pb_row][\/et_pb_section][et_pb_section fb_built=&#8221;1&#8243; admin_label=&#8221;Text and Image&#8221; _builder_version=&#8221;4.16&#8243; background_color=&#8221;#f7f7f7&#8243; custom_padding=&#8221;14px|0px|0px|0px||&#8221; global_colors_info=&#8221;{}&#8221;][\/et_pb_section][et_pb_section fb_built=&#8221;1&#8243; _builder_version=&#8221;4.16&#8243; _module_preset=&#8221;default&#8221; custom_padding=&#8221;26px||19px|||&#8221; global_colors_info=&#8221;{}&#8221;][et_pb_row _builder_version=&#8221;4.16&#8243; _module_preset=&#8221;default&#8221; custom_padding=&#8221;|||1px||&#8221; global_colors_info=&#8221;{}&#8221;][et_pb_column type=&#8221;4_4&#8243; _builder_version=&#8221;4.16&#8243; _module_preset=&#8221;default&#8221; global_colors_info=&#8221;{}&#8221;][et_pb_text _builder_version=&#8221;4.16&#8243; _module_preset=&#8221;default&#8221; text_font_size=&#8221;20px&#8221; text_line_height=&#8221;1.6em&#8221; custom_padding=&#8221;||0px|||&#8221; global_colors_info=&#8221;{}&#8221;]<\/p>\n<p><span>[ez-toc]<\/span><\/p>\n<p>[\/et_pb_text][et_pb_text _builder_version=&#8221;4.27.2&#8243; _module_preset=&#8221;default&#8221; text_font_size=&#8221;20px&#8221; text_line_height=&#8221;1.6em&#8221; custom_padding=&#8221;||0px|||&#8221; global_colors_info=&#8221;{}&#8221;]<\/p>\n<h1 class=\"heading1 ArticleModuleTeaser_title__GoGPd\">Zungenrede: Wenn der Heilige Geist aus den Menschen spricht<\/h1>\n<p class=\"p1\"><b>Vom Beitraginterview zu Pfingsten 2024<\/b><\/p>\n<p><a href=\"https:\/\/www.br.de\/nachrichten\/kultur\/pfingsten-zungenrede-wenn-heiliger-geist-aus-menschen-redet,UCvQ6GG\">https:\/\/www.br.de\/nachrichten\/kultur\/pfingsten-zungenrede-wenn-heiliger-geist-aus-menschen-redet,UCvQ6GG<\/a><\/p>\n<header>\n<section class=\"ArticleModuleTeaser_wrapper__UJL7V Article_section__s_Hig \">\n<section class=\"ArticleModuleTeaser_meta__BFVHK\">Audiobeitrag auch bei der o.g. Webseite<\/section>\n<section class=\"ArticleModuleTeaser_meta__BFVHK\"><\/section>\n<section class=\"ArticleModuleTeaser_meta__BFVHK\"><time class=\"aipd-gtm body6\" datetime=\"2024-05-20T09:50:17.547+02:00\" title=\"20.05.2024, 09:50 Uhr\" data-first-publication-date=\"17.05.2024, 12:29 Uhr\">20.05.2024, 09:50 Uhr<\/time><\/section>\n<section class=\"ArticleModuleTeaser_meta__BFVHK\"><span class=\"ArticleModuleTeaser_breadcrumbArrow__gtioI\">&gt;<\/span><a class=\"ArticleModuleTeaser_breadcrumbLink__894Jd\" href=\"https:\/\/www.br.de\/nachrichten\/kultur,QXAPqxI\"><span class=\"body6\">Kultur<\/span><\/a><span class=\"ArticleModuleTeaser_breadcrumbArrow__gtioI\">&gt;<\/span><\/section>\n<h2 class=\"heading1 ArticleModuleTeaser_title__GoGPd\"><a href=\"https:\/\/www.felsenhaus.church\/wp-content\/uploads\/2024\/10\/Jasper-Riemann-878392206.jpg\"><img loading=\"lazy\" decoding=\"async\" src=\"https:\/\/www.felsenhaus.church\/wp-content\/uploads\/2024\/10\/Jasper-Riemann-878392206-300x300.jpg\" width=\"192\" height=\"192\" alt=\"\" class=\"wp-image-1024 alignright size-medium\" \/><\/a>Zungenrede: Wenn der Heilige Geist aus den Menschen spricht<\/h2>\n<p class=\"body3 body5 ArticleItemTeaserText_text__H_RS_ \">Pfingsten ist das Fest des Heiligen Geistes. &#8220;Pfingstkirchen&#8221; berufen sich auf die pers\u00f6nliche Gotteserfahrung, auf den Heiligen Geist. Oft wird der in &#8220;Zungenreden&#8221; erfahren, einer Art religi\u00f6se Ekstase. Die ist umstritten \u2013 seit biblischen Zeiten.<\/p>\n<div class=\"ArticleModuleTeaser_authorSection__jXkyE body5\">\n<div class=\"ArticleModuleTeaser_authorSectionVon__2UzLf\">Von<\/div>\n<div class=\"ArticleModuleTeaser_authorSectionAuthors__vFFEx\"><a class=\"ArticleModuleTeaser_author__ptnDy\" href=\"https:\/\/www.br.de\/nachrichten\/autoren\/jasper-riemann,f1be522a-64d2-4f2b-8978-46172eb8e76b\"><img alt=\"\" loading=\"lazy\" width=\"35\" height=\"35\" decoding=\"async\" data-nimg=\"1\" class=\"ArticleModuleTeaser_authorImage__dT3us\" src=\"https:\/\/www.br.de\/nachrichten\/_next\/static\/media\/default-author-image.26a1c386.svg\" \/><span class=\"ArticleModuleTeaser_authorName__Q7ctt\">Jasper Riemann<\/span><\/a><\/div>\n<\/div>\n<p class=\"body6 ArticleModuleSourceOrigin_sourceOrigin__yJVNL ArticleModuleTeaser_sourceOrigin__cngn3 asso-gtm\">\u00dcber dieses Thema berichtet:<span>\u00a0<\/span>Bayern 2 am Feiertag<span>\u00a0<\/span>am<span>\u00a0<\/span><time datetime=\"2024-05-19T09:00:35.364+02:00\">19.05.2024 um 09:00 Uhr<\/time>.<\/p>\n<\/section>\n<\/header>\n<section class=\"ArticleBody_section__xqaQs Article_section__s_Hig\" id=\"articlebody\">\n<section class=\"ArticleModuleText_wrapper__AyX6M\">\n<div class=\"RichText_richText__wS9Rz body3\">\n<p>Mitch Sayers wei\u00df noch genau, wann er das erste Mal in Zungen gesprochen hat. In Niedersachsen, vor vielen Jahren, ging er in einen Gottesdienst, erinnert er sich. Am Ende kam der Prediger zu ihm und legte ihm die Hand auf die Stirn. Pl\u00f6tzlich f\u00e4ngt Sayers an, unkontrolliert zu sprechen. Er f\u00fchlt sich &#8220;elektrisch&#8221;, wie er sagt. &#8220;Das war einfach etwas, was mich \u00fcberw\u00e4ltigt hat. Ich konnte auch nicht so einfach aufh\u00f6ren.&#8221;<\/p>\n<h2>Zungenrede \u2013 erf\u00fcllt vom Heiligen Geist<\/h2>\n<p>Auch als der Gottesdienst schon vorbei und er zu Hause war, selbst in der Nacht noch, habe er &#8220;in Zungen&#8221; gesprochen. Es habe sich wie &#8220;Str\u00f6me des lebendigen Wassers&#8221; angef\u00fchlt, erz\u00e4hlt er. &#8220;Und mir gefiel das Gef\u00fchl, dass dieser Strom durch mich ging und ich wollte das nicht stoppen. Solange Gott das machen wollte, wollte ich mitmachen sozusagen.&#8221;<\/p>\n<p>Sayers glaubt, der Heilige Geist habe ihn erf\u00fcllt. In den folgenden Jahren habe er oft erlebt, dass Gott ihm T\u00fcren ge\u00f6ffnet habe. Der Heilige Geist sei der Grund, warum er heute Pastor sei, in der apostolischen Pfingstgemeinde Felsenhaus in M\u00fcnchen.<\/p>\n<h2>An Pfingsten sandte Gott laut Bibel den Heiligen Geist<\/h2>\n<p>Pfingstgemeinde hei\u00dft: Der Heilige Geist spielt eine zentrale Rolle, denn zu Pfingsten sandte Gott \u2013 laut Bibel \u2013 den Heiligen Geist zu den J\u00fcngern Jesu hinab. Diese Pr\u00e4senz Gottes zu erfahren, darum geht es f\u00fcr Sayers bei der Zungenrede. Er meint damit unkontrollierte \u00c4u\u00dferungen, in eigener und fremder Sprache, verst\u00e4ndlich oder unverst\u00e4ndlich.<\/p>\n<p>Er unterscheidet ein ruhiges, pers\u00f6nliches Zungengebet im Alltag von dem, was w\u00e4hrend eines Gottesdienstes vorkommen kann. Wenn, in atmosph\u00e4rischen Momenten, die Gl\u00e4ubigen die H\u00e4nde hochhalten und jemand pl\u00f6tzlich in Zungen spricht. Da werde auch mal geweint, sagt Sayers. Jemand anderes lege danach aus, was die Botschaft bedeute.<\/p>\n<p>In Deutschland hat die Pfingstbewegung etwa 300.000 Mitglieder, die sich auf die verschiedenen Pfingstkirchen, charismatischen Erneuerungsbewegungen und etwa 300 freie Gemeinden verteilen.<\/p>\n<\/div>\n<\/section>\n<section class=\"ArticleModuleImage_wrapper__y7wr2\">\n<div class=\"lg-react-element \">\n<figure class=\"AspectRatio_wrapper__0cRWj AspectRatio_aspect169__gCwaU  \"><img alt=\"Pastor Mitch Sayers\" title=\"Pastor Mitch Sayers | Bild: BR \/ Jasper Riemann\" loading=\"lazy\" decoding=\"async\" data-nimg=\"fill\" class=\"Image_image__TiZEY\" sizes=\"(max-width: 1024px) 100vw, (max-width: 1536px) 52vw, 800px\" srcset=\"https:\/\/img.br.de\/4fd837d7-e62f-4aa8-8b67-69139d90b502.jpeg?q=85&amp;rect=0%2C560%2C4029%2C2265&amp;w=256 256w, https:\/\/img.br.de\/4fd837d7-e62f-4aa8-8b67-69139d90b502.jpeg?q=85&amp;rect=0%2C560%2C4029%2C2265&amp;w=320 320w, https:\/\/img.br.de\/4fd837d7-e62f-4aa8-8b67-69139d90b502.jpeg?q=85&amp;rect=0%2C560%2C4029%2C2265&amp;w=375 375w, https:\/\/img.br.de\/4fd837d7-e62f-4aa8-8b67-69139d90b502.jpeg?q=85&amp;rect=0%2C560%2C4029%2C2265&amp;w=480 480w, https:\/\/img.br.de\/4fd837d7-e62f-4aa8-8b67-69139d90b502.jpeg?q=85&amp;rect=0%2C560%2C4029%2C2265&amp;w=512 512w, https:\/\/img.br.de\/4fd837d7-e62f-4aa8-8b67-69139d90b502.jpeg?q=85&amp;rect=0%2C560%2C4029%2C2265&amp;w=640 640w, https:\/\/img.br.de\/4fd837d7-e62f-4aa8-8b67-69139d90b502.jpeg?q=85&amp;rect=0%2C560%2C4029%2C2265&amp;w=768 768w, https:\/\/img.br.de\/4fd837d7-e62f-4aa8-8b67-69139d90b502.jpeg?q=85&amp;rect=0%2C560%2C4029%2C2265&amp;w=820 820w, https:\/\/img.br.de\/4fd837d7-e62f-4aa8-8b67-69139d90b502.jpeg?q=85&amp;rect=0%2C560%2C4029%2C2265&amp;w=1024 1024w, https:\/\/img.br.de\/4fd837d7-e62f-4aa8-8b67-69139d90b502.jpeg?q=85&amp;rect=0%2C560%2C4029%2C2265&amp;w=1536 1536w, https:\/\/img.br.de\/4fd837d7-e62f-4aa8-8b67-69139d90b502.jpeg?q=85&amp;rect=0%2C560%2C4029%2C2265&amp;w=2048 2048w\" src=\"https:\/\/img.br.de\/4fd837d7-e62f-4aa8-8b67-69139d90b502.jpeg?q=85&amp;rect=0%2C560%2C4029%2C2265&amp;w=2048\" \/><\/figure>\n<p>Pastor Mitch Sayers<\/p>\n<\/div>\n<div class=\"body3 ArticleModuleMediaCollapsibleMetadataBox_wrapper___yF2d  \">\n<div class=\"ArticleModuleMediaCollapsibleMetadataBox_header__2obcu\"><span class=\"ArticleModuleMediaCollapsibleMetadataBox_copyright__UJlqo\">Bildrechte: BR \/ Jasper Riemann<\/span><\/div>\n<div class=\"ArticleModuleMediaCollapsibleMetadataBox_header__2obcu\"><span class=\"ArticleModuleMediaCollapsibleMetadataBox_copyright__UJlqo\"><\/span><\/div>\n<div class=\"ArticleModuleMediaCollapsibleMetadataBox_header__2obcu\"><span class=\"ArticleModuleMediaCollapsibleMetadataBox_copyright__UJlqo\"><\/span><\/div>\n<\/div>\n<\/section>\n<section class=\"ArticleModuleText_wrapper__AyX6M\">\n<div class=\"RichText_richText__wS9Rz body3\">\n<h2>Ph\u00e4nomen zu allen Zeiten des Christentums<\/h2>\n<p>Die evangelische Theologin und Publizistin Johanna Haberer bezeichnet \u2013 nicht ganz ernst gemeint \u2013 Zungenrede als &#8220;einen Orgasmus mit Gott&#8221;. Aber tats\u00e4chlich sei es &#8220;ein sehr gutes und erhebendes Gef\u00fchl und unvergesslich f\u00fcr Menschen, die daf\u00fcr begabt sind&#8221;. Nicht alle Menschen seien daf\u00fcr begabt, meint sie und zieht einen Vergleich zu musikalischen Menschen und welchen, die eher unmusikalisch seien.<\/p>\n<p>Es sei auf jeden Fall ein Ph\u00e4nomen, das es zu allen Zeiten des Christentums in unterschiedlichen Kulturen gegeben habe, unabh\u00e4ngig von den charismatischen Bewegungen, die sich heute ganz besonders auf die Kraft des Heiligen Geistes berufen und daher Pfingstkirchen genannt werden.<\/p>\n<h2>Form der Ekstase<\/h2>\n<p>In der Entstehungszeit des Christentums ist diese<span>\u00a0<\/span><a href=\"https:\/\/www.ardalpha.de\/wissen\/gesundheit\/gesund-leben\/meditation-trance-hypnose-schlaf-102.html\">Form der Ekstase<\/a><span>\u00a0<\/span>auch verbreitet gewesen. Der Apostel Paulus schrieb laut biblischem Bericht im Korintherbrief sinngem\u00e4\u00df, solche Zust\u00e4nde k\u00f6nnten f\u00fcr die pers\u00f6nliche Erbauung wunderbar sein \u2013 sie seien eine &#8220;Geistgabe&#8221;. Zugleich warnte er aber vor einer Art Zwei-Klassen-Christentum: einer Trennung zwischen denen, die in Zungen sprechen und sich dadurch nah bei Gott f\u00fchlen, und den anderen.<\/p>\n<p>Viel sp\u00e4ter, in den 1970er Jahren, so fasst es Johanna Haberer zusammen, entstand in katholischen und evangelischen Gemeinden eine Erneuerungsbewegung. Die Charismatiker h\u00e4tten aufbegehrt gegen ein rationales, ernstes Christentum, welches vor allem der Protestantismus seit der Aufkl\u00e4rung propagiert habe.<\/p>\n<p>Doch es sei genau das passiert, wovor der Apostel Paulus gewarnt hatte, sagt die emeritierte Theologieprofessorin: &#8220;Die einen f\u00fchlten sich besser als die anderen, die anderen verstanden es nicht. Also es hat zu einer gewissen Diskussion, auch zu manchen Verwerfungen gef\u00fchrt, f\u00e4lschlicherweise, wie ich finde, es sollte da eine gro\u00dfe Toleranz sein.&#8221;<\/p>\n<h2>Charismatiker und Volkskirchen haben sich arrangiert<\/h2>\n<p>Mittlerweile h\u00e4tten sich die Charismatiker und die Volkskirchen miteinander arrangiert, sagt Haberer. Mit der<span>\u00a0<\/span><a href=\"https:\/\/www.br.de\/interkulturell\/interkultureller-kalender-pfingsten-100.html\">biblischen Pfingstgeschichte<\/a><span>\u00a0<\/span>verbindet die Theologin die Zungenrede \u00fcbrigens eher nicht. Da gehe es darum, dass durch die Pr\u00e4senz des Heiligen Geistes Menschen unterschiedlicher Herkunft pl\u00f6tzlich einander verstanden \u2013 eine politisch-soziale Botschaft.<\/p>\n<p>Doch Pastor Sayers von der M\u00fcnchner Pfingstgemeinde sieht auch in der Erfahrung, die man in der Zungenrede erleben k\u00f6nne, eine transformative Kraft, die M\u00f6glichkeit, die Gesellschaft zu heilen. Viele Konflikte lie\u00dfen sich seiner Meinung nach &#8220;durch die Kraft des Heiligen Geistes&#8221; l\u00f6sen. Sein Leben jedenfalls habe sich durch den Heiligen Geist bereits vollkommen ver\u00e4ndert.<\/p>\n<\/div>\n<\/section>\n<section class=\"ArticleModuleText_wrapper__AyX6M\">\n<div class=\"RichText_richText__wS9Rz body3\">\n<p><em>Dieser Artikel ist erstmals am 17. Mai 2024 auf BR24 erschienen. Das Thema ist weiterhin aktuell. Daher haben wir diesen Artikel erneut publiziert.<\/em><\/p>\n<\/div>\n<\/section>\n<\/section>\n<p>[\/et_pb_text][et_pb_contact_form captcha=&#8221;off&#8221; email=&#8221;pastor@felsenhaus.church&#8221; title=&#8221;Nachricht Senden&#8221; custom_message=&#8221;Message from FelsenHaus Website &#8211; Wer Wir Sind:||et_pb_line_break_holder||||et_pb_line_break_holder||%%Vorname%%||et_pb_line_break_holder||%%Nachname%%||et_pb_line_break_holder||%%Email%%||et_pb_line_break_holder||||et_pb_line_break_holder||%%Message%%||et_pb_line_break_holder||||et_pb_line_break_holder||||et_pb_line_break_holder||&#8212;- end of message &#8212;||et_pb_line_break_holder||&#8221; success_message=&#8221;Danke f\u00fcr die Kontaktaufnahme!!  Wir antworten so bald wie m\u00f6glich.  Gottes Segen!&#8221; submit_button_text=&#8221;Schicken&#8221; module_id=&#8221;et_pb_contact_form_1&#8243; _builder_version=&#8221;4.16&#8243; _unique_id=&#8221;7bda254e-4a5e-493e-aea3-e20e8ab9a352&#8243; form_field_background_color=&#8221;rgba(255,255,255,0)&#8221; title_font=&#8221;Montserrat||||&#8221; title_font_size=&#8221;22px&#8221; custom_button=&#8221;on&#8221; button_text_size=&#8221;18px&#8221; button_text_color=&#8221;#ffffff&#8221; button_bg_color=&#8221;#6eba01&#8243; button_border_width=&#8221;2px&#8221; button_border_color=&#8221;#6eba01&#8243; button_border_radius=&#8221;0px&#8221; button_letter_spacing=&#8221;2px&#8221; button_font=&#8221;Montserrat|||on|&#8221; button_use_icon=&#8221;off&#8221; custom_padding=&#8221;38px|||||&#8221; animation_style=&#8221;fold&#8221; animation_direction=&#8221;bottom&#8221; animation_intensity_fold=&#8221;20%&#8221; border_width_all=&#8221;1px&#8221; border_color_all=&#8221;rgba(0,0,0,0.12)&#8221; border_style_all=&#8221;solid&#8221; use_border_color=&#8221;on&#8221; border_color=&#8221;rgba(0,0,0,0.12)&#8221; form_background_color=&#8221;rgba(255,255,255,0)&#8221; locked=&#8221;off&#8221; global_colors_info=&#8221;{}&#8221;][et_pb_contact_field field_id=&#8221;Vorname&#8221; field_title=&#8221;Vorname&#8221; fullwidth_field=&#8221;on&#8221; _builder_version=&#8221;4.16&#8243; global_colors_info=&#8221;{}&#8221; button_text_size__hover_enabled=&#8221;off&#8221; button_one_text_size__hover_enabled=&#8221;off&#8221; button_two_text_size__hover_enabled=&#8221;off&#8221; button_text_color__hover_enabled=&#8221;off&#8221; button_one_text_color__hover_enabled=&#8221;off&#8221; button_two_text_color__hover_enabled=&#8221;off&#8221; button_border_width__hover_enabled=&#8221;off&#8221; button_one_border_width__hover_enabled=&#8221;off&#8221; button_two_border_width__hover_enabled=&#8221;off&#8221; button_border_color__hover_enabled=&#8221;off&#8221; button_one_border_color__hover_enabled=&#8221;off&#8221; button_two_border_color__hover_enabled=&#8221;off&#8221; button_border_radius__hover_enabled=&#8221;off&#8221; button_one_border_radius__hover_enabled=&#8221;off&#8221; button_two_border_radius__hover_enabled=&#8221;off&#8221; button_letter_spacing__hover_enabled=&#8221;off&#8221; button_one_letter_spacing__hover_enabled=&#8221;off&#8221; button_two_letter_spacing__hover_enabled=&#8221;off&#8221; button_bg_color__hover_enabled=&#8221;off&#8221; button_one_bg_color__hover_enabled=&#8221;off&#8221; button_two_bg_color__hover_enabled=&#8221;off&#8221;][\/et_pb_contact_field][et_pb_contact_field field_id=&#8221;Famname&#8221; field_title=&#8221;Familienname&#8221; fullwidth_field=&#8221;on&#8221; _builder_version=&#8221;4.16&#8243; global_colors_info=&#8221;{}&#8221; button_text_size__hover_enabled=&#8221;off&#8221; button_one_text_size__hover_enabled=&#8221;off&#8221; button_two_text_size__hover_enabled=&#8221;off&#8221; button_text_color__hover_enabled=&#8221;off&#8221; button_one_text_color__hover_enabled=&#8221;off&#8221; button_two_text_color__hover_enabled=&#8221;off&#8221; button_border_width__hover_enabled=&#8221;off&#8221; button_one_border_width__hover_enabled=&#8221;off&#8221; button_two_border_width__hover_enabled=&#8221;off&#8221; button_border_color__hover_enabled=&#8221;off&#8221; button_one_border_color__hover_enabled=&#8221;off&#8221; button_two_border_color__hover_enabled=&#8221;off&#8221; button_border_radius__hover_enabled=&#8221;off&#8221; button_one_border_radius__hover_enabled=&#8221;off&#8221; button_two_border_radius__hover_enabled=&#8221;off&#8221; button_letter_spacing__hover_enabled=&#8221;off&#8221; button_one_letter_spacing__hover_enabled=&#8221;off&#8221; button_two_letter_spacing__hover_enabled=&#8221;off&#8221; button_bg_color__hover_enabled=&#8221;off&#8221; button_one_bg_color__hover_enabled=&#8221;off&#8221; button_two_bg_color__hover_enabled=&#8221;off&#8221;][\/et_pb_contact_field][et_pb_contact_field field_id=&#8221;Email&#8221; field_title=&#8221;Email Address&#8221; field_type=&#8221;email&#8221; fullwidth_field=&#8221;on&#8221; _builder_version=&#8221;4.16&#8243; global_colors_info=&#8221;{}&#8221; button_text_size__hover_enabled=&#8221;off&#8221; button_one_text_size__hover_enabled=&#8221;off&#8221; button_two_text_size__hover_enabled=&#8221;off&#8221; button_text_color__hover_enabled=&#8221;off&#8221; button_one_text_color__hover_enabled=&#8221;off&#8221; button_two_text_color__hover_enabled=&#8221;off&#8221; button_border_width__hover_enabled=&#8221;off&#8221; button_one_border_width__hover_enabled=&#8221;off&#8221; button_two_border_width__hover_enabled=&#8221;off&#8221; button_border_color__hover_enabled=&#8221;off&#8221; button_one_border_color__hover_enabled=&#8221;off&#8221; button_two_border_color__hover_enabled=&#8221;off&#8221; button_border_radius__hover_enabled=&#8221;off&#8221; button_one_border_radius__hover_enabled=&#8221;off&#8221; button_two_border_radius__hover_enabled=&#8221;off&#8221; button_letter_spacing__hover_enabled=&#8221;off&#8221; button_one_letter_spacing__hover_enabled=&#8221;off&#8221; button_two_letter_spacing__hover_enabled=&#8221;off&#8221; button_bg_color__hover_enabled=&#8221;off&#8221; button_one_bg_color__hover_enabled=&#8221;off&#8221; button_two_bg_color__hover_enabled=&#8221;off&#8221;][\/et_pb_contact_field][et_pb_contact_field field_id=&#8221;Message&#8221; field_title=&#8221;Message&#8221; field_type=&#8221;text&#8221; fullwidth_field=&#8221;on&#8221; _builder_version=&#8221;4.16&#8243; global_colors_info=&#8221;{}&#8221; button_text_size__hover_enabled=&#8221;off&#8221; button_one_text_size__hover_enabled=&#8221;off&#8221; button_two_text_size__hover_enabled=&#8221;off&#8221; button_text_color__hover_enabled=&#8221;off&#8221; button_one_text_color__hover_enabled=&#8221;off&#8221; button_two_text_color__hover_enabled=&#8221;off&#8221; button_border_width__hover_enabled=&#8221;off&#8221; button_one_border_width__hover_enabled=&#8221;off&#8221; button_two_border_width__hover_enabled=&#8221;off&#8221; button_border_color__hover_enabled=&#8221;off&#8221; button_one_border_color__hover_enabled=&#8221;off&#8221; button_two_border_color__hover_enabled=&#8221;off&#8221; button_border_radius__hover_enabled=&#8221;off&#8221; button_one_border_radius__hover_enabled=&#8221;off&#8221; button_two_border_radius__hover_enabled=&#8221;off&#8221; button_letter_spacing__hover_enabled=&#8221;off&#8221; button_one_letter_spacing__hover_enabled=&#8221;off&#8221; button_two_letter_spacing__hover_enabled=&#8221;off&#8221; button_bg_color__hover_enabled=&#8221;off&#8221; button_one_bg_color__hover_enabled=&#8221;off&#8221; button_two_bg_color__hover_enabled=&#8221;off&#8221;][\/et_pb_contact_field][\/et_pb_contact_form][et_pb_text _builder_version=&#8221;4.16&#8243; _module_preset=&#8221;default&#8221; text_font_size=&#8221;20px&#8221; text_line_height=&#8221;1.6em&#8221; custom_padding=&#8221;||0px|||&#8221; global_colors_info=&#8221;{}&#8221;]<\/p>\n<h1><strong>Wir helfen gerne!<\/strong><\/h1>\n<p>Wenn Sie Gebet f\u00fcr das Empfangen des Heiligen Geistes m\u00f6chten, stehen wir Ihnen zur Verf\u00fcgung, bei jedem Treffen nehmen wir gerne Zeit mit Ihnen zu Beten! Siehe unsere <a href=\"https:\/\/www.felsenhaus.church\/termine\/\">Termine<\/a>.<\/p>\n<p>[\/et_pb_text][et_pb_button button_url=&#8221;https:\/\/www.felsenhaus.church#kontakt&#8221; url_new_window=&#8221;on&#8221; button_text=&#8221;Ein Bibelstudium bitte!&#8221; _builder_version=&#8221;4.16&#8243; custom_button=&#8221;on&#8221; button_text_size=&#8221;16px&#8221; button_text_color=&#8221;#ffffff&#8221; button_bg_color=&#8221;#ff4d54&#8243; button_border_width=&#8221;0px&#8221; button_border_radius=&#8221;100px&#8221; button_letter_spacing=&#8221;1px&#8221; button_font=&#8221;|700||on|||||&#8221; custom_padding=&#8221;14px|34px|14px|34px|true|true&#8221; animation_style=&#8221;zoom&#8221; box_shadow_style=&#8221;preset1&#8243; box_shadow_vertical=&#8221;10px&#8221; box_shadow_blur=&#8221;30px&#8221; box_shadow_color=&#8221;rgba(255,77,84,0.24)&#8221; button_letter_spacing_hover=&#8221;1px&#8221; locked=&#8221;off&#8221; global_colors_info=&#8221;{}&#8221; button_text_size__hover_enabled=&#8221;off&#8221; button_one_text_size__hover_enabled=&#8221;off&#8221; button_two_text_size__hover_enabled=&#8221;off&#8221; button_text_color__hover_enabled=&#8221;off&#8221; button_one_text_color__hover_enabled=&#8221;off&#8221; button_two_text_color__hover_enabled=&#8221;off&#8221; button_border_width__hover_enabled=&#8221;off&#8221; button_one_border_width__hover_enabled=&#8221;off&#8221; button_two_border_width__hover_enabled=&#8221;off&#8221; button_border_color__hover_enabled=&#8221;off&#8221; button_one_border_color__hover_enabled=&#8221;off&#8221; button_two_border_color__hover_enabled=&#8221;off&#8221; button_border_radius__hover_enabled=&#8221;off&#8221; button_one_border_radius__hover_enabled=&#8221;off&#8221; button_two_border_radius__hover_enabled=&#8221;off&#8221; button_letter_spacing__hover_enabled=&#8221;on&#8221; button_letter_spacing__hover=&#8221;1px&#8221; button_one_letter_spacing__hover_enabled=&#8221;off&#8221; button_two_letter_spacing__hover_enabled=&#8221;off&#8221; button_bg_color__hover_enabled=&#8221;off&#8221; button_one_bg_color__hover_enabled=&#8221;off&#8221; button_two_bg_color__hover_enabled=&#8221;off&#8221;][\/et_pb_button][\/et_pb_column][\/et_pb_row][\/et_pb_section]<\/p>\n","protected":false},"excerpt":{"rendered":"<p>Pfingsten und ZungenredeNeutestamentliche Perspektiven[ez-toc]Zungenrede: Wenn der Heilige Geist aus den Menschen spricht Vom Beitraginterview zu Pfingsten 2024 https:\/\/www.br.de\/nachrichten\/kultur\/pfingsten-zungenrede-wenn-heiliger-geist-aus-menschen-redet,UCvQ6GG Audiobeitrag auch bei der o.g. Webseite 20.05.2024, 09:50 Uhr &gt;Kultur&gt; Zungenrede: Wenn der Heilige Geist aus den Menschen spricht Pfingsten ist das Fest des Heiligen Geistes. &#8220;Pfingstkirchen&#8221; berufen sich auf die pers\u00f6nliche Gotteserfahrung, auf den Heiligen Geist. [&hellip;]<\/p>\n","protected":false},"author":2,"featured_media":1026,"comment_status":"open","ping_status":"open","sticky":false,"template":"","format":"standard","meta":{"_et_pb_use_builder":"on","_et_pb_old_content":"","_et_gb_content_width":"","footnotes":""},"categories":[7,24,17,16,28],"tags":[],"class_list":["post-1018","post","type-post","status-publish","format-standard","has-post-thumbnail","hentry","category-foundations","category-gebet","category-gemeinde","category-heil","category-hist"],"_links":{"self":[{"href":"https:\/\/pfingstgemeinde-duisburg.de\/index.php?rest_route=\/wp\/v2\/posts\/1018","targetHints":{"allow":["GET"]}}],"collection":[{"href":"https:\/\/pfingstgemeinde-duisburg.de\/index.php?rest_route=\/wp\/v2\/posts"}],"about":[{"href":"https:\/\/pfingstgemeinde-duisburg.de\/index.php?rest_route=\/wp\/v2\/types\/post"}],"author":[{"embeddable":true,"href":"https:\/\/pfingstgemeinde-duisburg.de\/index.php?rest_route=\/wp\/v2\/users\/2"}],"replies":[{"embeddable":true,"href":"https:\/\/pfingstgemeinde-duisburg.de\/index.php?rest_route=%2Fwp%2Fv2%2Fcomments&post=1018"}],"version-history":[{"count":0,"href":"https:\/\/pfingstgemeinde-duisburg.de\/index.php?rest_route=\/wp\/v2\/posts\/1018\/revisions"}],"wp:featuredmedia":[{"embeddable":true,"href":"https:\/\/pfingstgemeinde-duisburg.de\/index.php?rest_route=\/wp\/v2\/media\/1026"}],"wp:attachment":[{"href":"https:\/\/pfingstgemeinde-duisburg.de\/index.php?rest_route=%2Fwp%2Fv2%2Fmedia&parent=1018"}],"wp:term":[{"taxonomy":"category","embeddable":true,"href":"https:\/\/pfingstgemeinde-duisburg.de\/index.php?rest_route=%2Fwp%2Fv2%2Fcategories&post=1018"},{"taxonomy":"post_tag","embeddable":true,"href":"https:\/\/pfingstgemeinde-duisburg.de\/index.php?rest_route=%2Fwp%2Fv2%2Ftags&post=1018"}],"curies":[{"name":"wp","href":"https:\/\/api.w.org\/{rel}","templated":true}]}}