{"id":699,"date":"2023-02-23T14:41:36","date_gmt":"2023-02-23T12:41:36","guid":{"rendered":"https:\/\/www.felsenhaus.church\/?p=699"},"modified":"2023-02-23T14:41:36","modified_gmt":"2023-02-23T12:41:36","slug":"bootcamp-fur-glaubige-teil-3","status":"publish","type":"post","link":"https:\/\/pfingstgemeinde-duisburg.de\/?p=699","title":{"rendered":"Bootcamp f\u00fcr Gl\u00e4ubige &#8211; Teil 3"},"content":{"rendered":"<p>[et_pb_section fb_built=&#8221;1&#8243; admin_label=&#8221;Hero&#8221; _builder_version=&#8221;4.11.2&#8243; use_background_color_gradient=&#8221;on&#8221; background_color_gradient_start=&#8221;rgba(0,0,0,0.6)&#8221; background_color_gradient_end=&#8221;rgba(0,0,0,0.6)&#8221; background_color_gradient_overlays_image=&#8221;on&#8221; background_image=&#8221;https:\/\/pfingstgemeinde-duisburg.de\/wp-content\/uploads\/2021\/09\/Felsen-blau-bkgd.png&#8221; custom_padding=&#8221;23px|0px|27px|0px|false|false&#8221; animation_style=&#8221;zoom&#8221; animation_intensity_zoom=&#8221;4%&#8221; global_colors_info=&#8221;{}&#8221; theme_builder_area=&#8221;post_content&#8221;][et_pb_row _builder_version=&#8221;3.25&#8243; background_size=&#8221;initial&#8221; background_position=&#8221;top_left&#8221; background_repeat=&#8221;repeat&#8221; custom_padding=&#8221;|||&#8221; animation_style=&#8221;slide&#8221; animation_direction=&#8221;top&#8221; animation_intensity_slide=&#8221;3%&#8221; global_colors_info=&#8221;{}&#8221; theme_builder_area=&#8221;post_content&#8221;][et_pb_column type=&#8221;4_4&#8243; _builder_version=&#8221;3.25&#8243; custom_padding=&#8221;|||&#8221; global_colors_info=&#8221;{}&#8221; custom_padding__hover=&#8221;|||&#8221; theme_builder_area=&#8221;post_content&#8221;][et_pb_text _builder_version=&#8221;4.11.2&#8243; text_font=&#8221;Montserrat|500||on|||||&#8221; text_text_color=&#8221;#f7f7f7&#8243; text_font_size=&#8221;16px&#8221; text_letter_spacing=&#8221;3px&#8221; background_size=&#8221;initial&#8221; background_position=&#8221;top_left&#8221; background_repeat=&#8221;repeat&#8221; custom_margin=&#8221;|||&#8221; custom_padding=&#8221;||12px|||&#8221; animation_style=&#8221;slide&#8221; animation_direction=&#8221;bottom&#8221; locked=&#8221;off&#8221; global_colors_info=&#8221;{}&#8221; theme_builder_area=&#8221;post_content&#8221;]<\/p>\n<p><strong>Themenartikel<\/strong><\/p>\n<p>LEBENSTIL<\/p>\n<p>[\/et_pb_text][et_pb_text _builder_version=&#8221;4.14.8&#8243; text_font=&#8221;||||||||&#8221; header_font=&#8221;Montserrat|700||on|||||&#8221; header_text_color=&#8221;#ffffff&#8221; header_font_size=&#8221;60px&#8221; header_line_height=&#8221;1.3em&#8221; header_2_font=&#8221;||||||||&#8221; background_size=&#8221;initial&#8221; background_position=&#8221;top_left&#8221; background_repeat=&#8221;repeat&#8221; custom_margin=&#8221;|-69px||-16px||&#8221; animation_style=&#8221;fade&#8221; header_font_size_last_edited=&#8221;off|desktop&#8221; locked=&#8221;off&#8221; global_colors_info=&#8221;{}&#8221; theme_builder_area=&#8221;post_content&#8221;]<\/p>\n<h1>Christliches Ausbildungslager &#8211; Teil 3 (Epheserbrief)<\/h1>\n<p>[\/et_pb_text][et_pb_text _builder_version=&#8221;4.14.8&#8243; text_font=&#8221;||||||||&#8221; text_text_color=&#8221;#ffffff&#8221; text_font_size=&#8221;24px&#8221; text_line_height=&#8221;1.8em&#8221; use_background_color_gradient=&#8221;on&#8221; background_color_gradient_start=&#8221;rgba(255,255,255,0.01)&#8221; background_color_gradient_end=&#8221;rgba(255,255,255,0.61)&#8221; background_enable_image=&#8221;off&#8221; background_repeat=&#8221;repeat&#8221; max_width=&#8221;700px&#8221; module_alignment=&#8221;left&#8221; animation_style=&#8221;flip&#8221; animation_direction=&#8221;top&#8221; animation_intensity_flip=&#8221;20%&#8221; locked=&#8221;off&#8221; global_colors_info=&#8221;{}&#8221; theme_builder_area=&#8221;post_content&#8221;]<\/p>\n<p>Grundlage der Christlichen Lehre<\/p>\n<p>[\/et_pb_text][\/et_pb_column][\/et_pb_row][\/et_pb_section][et_pb_section fb_built=&#8221;1&#8243; admin_label=&#8221;Text and Image&#8221; _builder_version=&#8221;3.22&#8243; background_color=&#8221;#f7f7f7&#8243; custom_padding=&#8221;14px|0px|0px|0px||&#8221; global_colors_info=&#8221;{}&#8221; theme_builder_area=&#8221;post_content&#8221;][\/et_pb_section][et_pb_section fb_built=&#8221;1&#8243; _builder_version=&#8221;4.11.2&#8243; _module_preset=&#8221;default&#8221; custom_padding=&#8221;26px||19px|||&#8221; global_colors_info=&#8221;{}&#8221; theme_builder_area=&#8221;post_content&#8221;][et_pb_row _builder_version=&#8221;4.11.2&#8243; _module_preset=&#8221;default&#8221; global_colors_info=&#8221;{}&#8221; theme_builder_area=&#8221;post_content&#8221;][et_pb_column type=&#8221;4_4&#8243; _builder_version=&#8221;4.11.2&#8243; _module_preset=&#8221;default&#8221; global_colors_info=&#8221;{}&#8221; theme_builder_area=&#8221;post_content&#8221;][et_pb_text admin_label=&#8221;Text&#8221; _builder_version=&#8221;4.14.8&#8243; _module_preset=&#8221;default&#8221; text_font_size=&#8221;20px&#8221; text_line_height=&#8221;1.6em&#8221; custom_padding=&#8221;||0px|||&#8221; locked=&#8221;off&#8221; global_colors_info=&#8221;{}&#8221; theme_builder_area=&#8221;post_content&#8221;]<\/p>\n<p><span>[ez-toc]<\/span><\/p>\n<p>[\/et_pb_text][et_pb_text _builder_version=&#8221;4.14.8&#8243; _module_preset=&#8221;default&#8221; global_colors_info=&#8221;{}&#8221; theme_builder_area=&#8221;post_content&#8221;]<\/p>\n<p>Eine Bibelstudiumserie von Raymond Woodward (<a href=\"http:\/\/www.raymondwoodward.com\">www.raymondwoodward.com<\/a>)<\/p>\n<p>[\/et_pb_text][et_pb_text admin_label=&#8221;Intro&#8221; _builder_version=&#8221;4.14.8&#8243; _module_preset=&#8221;default&#8221; text_font_size=&#8221;20px&#8221; text_line_height=&#8221;1.6em&#8221; custom_margin=&#8221;||60px|||&#8221; custom_padding=&#8221;||0px|||&#8221; hover_enabled=&#8221;0&#8243; global_colors_info=&#8221;{}&#8221; theme_builder_area=&#8221;post_content&#8221; sticky_enabled=&#8221;0&#8243;]<\/p>\n<p>Der Herr Jesus Christus hat unseren Feind bereits haushoch besiegt. Er hat es jedoch uns \u00fcberlassen, den Sieg, den er im Himmel errungen hat, jeden Tag in den irdischen Sch\u00fctzengr\u00e4ben durchzusetzen. Das Buch der Epheser dient als <strong>Bootcamp f\u00fcr Gl\u00e4ubige <\/strong>und lehrt uns, dass die Gemeinde mit gewaltigen geistlichen Waffen ausgestattet ist, um genau diese Aufgabe zu erf\u00fcllen. Der Sieg ist unser, wenn wir daf\u00fcr k\u00e4mpfen! Der Epheserbrief ist ein <strong>ernsthaftes Training f\u00fcr ernsthafte Christen<\/strong>.<\/p>\n<p>Wenn Menschen Christen werden, besteht eine der schwierigsten Aufgaben darin, sie umzulernen, damit sie sich nicht weiterhin nach dem Weltsystem richten. Es dauerte eine Nacht, um Israel aus \u00c4gypten zu befreien, aber vierzig Jahre, um \u00c4gypten von ihnen zu befreien. Es gibt immer einen Kampf zwischen dem NEUEN MANN und dem ALTEN MANN. Deshalb brauchen wir die Lehre, die Paulus uns im Epheserbrief gibt.<\/p>\n<p>Die Haltung der ANBETUNG, in der wir t\u00e4glich leben, ist das Klassenzimmer des Heiligen Geistes. Je mehr wir ein gottesdienstliches Leben pflegen, desto mehr kann er uns die Wege Gottes lehren. Je mehr wir im Herrn aufwachsen, desto mehr VERSTEHEN wir und desto mehr HINGEGEBEN werden wir. Wenn wir Gottes Wort treu bleiben und der F\u00fchrung seines Geistes folgen, werden wir G\u00f6tzen aufgeben, s\u00fcndiges Denken ablegen und das Fleisch kreuzigen &#8211; immer und immer wieder! Und mit jeder neuen OFFENBARUNG \u00fcber Gott wird unsere Anbetung reicher.<\/p>\n<p>Wenn wir die Anbetung im Lichte des Epheserbriefes betrachten, k\u00f6nnen wir verstehen, warum Paulus bis zum dritten Kapitel wartet, um zu erkl\u00e4ren, dass er ein GEFANGENER ist. Anbetung ist etwas anderes als Lobpreis, denn der Anbeter hat Gott nicht nur F\u00dcR SEINEN Zustand gelobt, sondern aus SEINER Position heraus. Paulus wurde nicht gezwungen, ein Gefangener Jesu Christi zu sein &#8211; er hat sich entschieden, das zu werden!<\/p>\n<p>&nbsp;<\/p>\n<p><strong>ANBETUNG WIRD NICHT IN &#8220;GOTTESDIENSTEN&#8221; VOLLZOGEN &#8211; VIELMEHR IST ANBETUNG UNSER &#8220;DIENST&#8221; AN GOTT.<\/strong><\/p>\n<p>&nbsp;<\/p>\n<p><strong>Die Botschaft ist viel wichtiger als der \u00dcberbringer der Botschaft.<\/strong> Tats\u00e4chlich ist das Leben des Boten nur eine KANNE f\u00fcr die Botschaft. Vom ersten Moment seiner Begegnung mit dem Herrn an meldete sich Paulus f\u00fcr SCHWIERIGKEITEN an.<\/p>\n<p>[\/et_pb_text][et_pb_text admin_label=&#8221;Act 20&#8243; _builder_version=&#8221;4.14.8&#8243; _module_preset=&#8221;default&#8221; text_font_size=&#8221;20px&#8221; text_line_height=&#8221;1.6em&#8221; background_color=&#8221;rgba(12,113,195,0.09)&#8221; width=&#8221;40%&#8221; max_width=&#8221;40%&#8221; custom_margin=&#8221;2%|2%|2%|2%|true|true&#8221; custom_padding=&#8221;2%|2%|2%|2%|true|true&#8221; hover_enabled=&#8221;0&#8243; custom_css_main_element=&#8221;float: right;&#8221; global_colors_info=&#8221;{}&#8221; theme_builder_area=&#8221;post_content&#8221; sticky_enabled=&#8221;0&#8243;]<\/p>\n<p>Epheser 3,1-6 (SCH2000) 1 Darum [bin] ich, Paulus, der Gebundene Christi Jesu f\u00fcr euch, die Heiden. 2 Ihr habt ja gewiss von der Haushalterschaft der Gnade Gottes geh\u00f6rt, die mir f\u00fcr euch gegeben worden ist, 3 dass er mich das Geheimnis durch Offenbarung wissen lie\u00df, wie ich zuvor kurz geschrieben habe.\u00a0 4 Daran k\u00f6nnt ihr, wenn ihr es lest, meine Einsicht in das Geheimnis des Christus erkennen, 5 das in fr\u00fcheren Generationen den Menschenkindern nicht bekannt gemacht wurde, wie es jetzt seinen heiligen Aposteln und Propheten durch den Geist geoffenbart worden ist, 6 dass n\u00e4mlich die Heiden Miterben und mit zum Leib Geh\u00f6rige und Mitteilhaber seiner Verhei\u00dfung sind in Christus durch das Evangelium,<\/p>\n<p>[\/et_pb_text][et_pb_text admin_label=&#8221;Intro&#8221; _builder_version=&#8221;4.14.8&#8243; _module_preset=&#8221;default&#8221; text_font_size=&#8221;20px&#8221; text_line_height=&#8221;1.6em&#8221; custom_margin=&#8221;||60px|||&#8221; custom_padding=&#8221;|54px|0px|66px||&#8221; hover_enabled=&#8221;0&#8243; global_colors_info=&#8221;{}&#8221; theme_builder_area=&#8221;post_content&#8221; sticky_enabled=&#8221;0&#8243;]<\/p>\n<p><strong><u>Apostelgeschichte 9:5 (KJV) <\/u><\/strong>Und er sprach: Wer bist du, Herr? Der Herr aber sprach: Ich bin Jesus, den du verfolgst; <strong>es ist schwer f\u00fcr dich, gegen die Stacheln zu treten. <\/strong><\/p>\n<p><strong><u>Apostelgeschichte 9:5 (AMP) <\/u><\/strong>Und Saulus sprach: Wer bist du, Herr? Er aber sprach: Ich bin Jesus, den du verfolgst. <strong><em>Es ist gef\u00e4hrlich und wird dir \u00fcbel bekommen, wenn du weiter gegen den Stachel l\u00f6ckst [vergeblichen und gefahrvollen Widerstand leistest]<\/em>. <\/strong><\/p>\n<p><strong><u>Apostelgeschichte 9:16 <\/u><\/strong>Denn ich will ihm zeigen, wie viel er um meines Namens willen <strong>leiden <\/strong>muss.<\/p>\n<p>[\/et_pb_text][et_pb_text admin_label=&#8221;Intro&#8221; _builder_version=&#8221;4.14.8&#8243; _module_preset=&#8221;default&#8221; text_font_size=&#8221;20px&#8221; text_line_height=&#8221;1.6em&#8221; custom_margin=&#8221;||60px|||&#8221; custom_padding=&#8221;|0px|0px|0px||&#8221; hover_enabled=&#8221;0&#8243; global_colors_info=&#8221;{}&#8221; theme_builder_area=&#8221;post_content&#8221; sticky_enabled=&#8221;0&#8243;]<\/p>\n<p>3:1 &#8211; Paulus hatte einen j\u00fcdischen PEDIGREE, aber er wurde zum GEFANGENEN im Namen von Heiden, mit denen er nicht einmal gesprochen h\u00e4tte, bevor er Jesus Christus kannte!<\/p>\n<p>3:2 &#8211; &#8220;Dispensation&#8221; &#8211; &#8220;Verwaltung&#8221; (Paulus&#8217; Rolle gegen\u00fcber den Heiden)<\/p>\n<p>3:3 &#8211; die Kirche ist &#8220;DAS MYSTERIUM&#8221; &#8211; der fleischliche Verstand kann sie nicht verstehen &#8211; Ungl\u00e4ubige sollen denken, dass die Lehren der Schrift l\u00e4cherlich sind!<\/p>\n<p><strong><u>1 Korinther 2:14 <\/u><\/strong>Der nat\u00fcrliche Mensch aber nimmt die Dinge des Geistes Gottes nicht an; denn sie sind ihm eine Torheit, und er kann sie nicht erkennen, weil sie geistlich unterschieden sind.<\/p>\n<p>In der Bibel ist ein Mysterium nicht etwas &#8220;Verborgenes&#8221;, sondern etwas &#8220;Offenbartes&#8221; &#8211; deshalb ist ein gottesdienstlicher Lebensstil grundlegend und nicht verhandelbar, denn er bringt dir Offenbarung!<\/p>\n<p>3:5 &#8211; wir sind hochprivilegiert, im KIRCHENZEITALTER zu leben<\/p>\n<p>3:6 &#8211; GOTT BRACH ALLE VORSCHRIFTEN, UM DIE HEIDEN ZU RETTEN!<\/p>\n<p>&nbsp;<\/p>\n<p><strong><u>Lukas 14:16-24<\/u><\/strong><sup>16<\/sup> Da sprach er zu ihm: Ein Mann machte ein gro\u00dfes Abendmahl und lud viele ein: <sup>17<\/sup> Und er sandte seinen Knecht um die Zeit des Abendessens, damit er denen, die geladen waren, sage: Kommt, denn es ist alles bereit. <sup>18<\/sup> Und sie fingen alle einm\u00fctig an, sich zu entschuldigen. Der erste sagte zu ihm: Ich habe ein St\u00fcck Land gekauft, und ich muss es mir ansehen: Ich bitte dich, dass du mich entschuldigst. <sup>19<\/sup> Ein anderer sagte: Ich habe f\u00fcnf Joch Ochsen gekauft und gehe hin, um sie zu pr\u00fcfen: Ich bitte dich, dass du mich entschuldigst. <sup>20<\/sup> Ein anderer sagte: Ich habe ein Weib geheiratet und kann deshalb nicht kommen. <sup>21<\/sup> Da kam der Knecht und zeigte seinem Herrn diese Dinge. Da wurde der Hausherr zornig und sagte zu seinem Knecht: Geh schnell hinaus auf die Stra\u00dfen und Gassen der Stadt und f\u00fchre die Armen, die Kr\u00fcppel, die Kranken und die Blinden hierher. <sup>22<\/sup> Der Knecht aber sprach: Herr, es ist geschehen, wie du befohlen hast, und es ist noch Platz. <sup>23<\/sup> Und der Herr sprach zu dem Knecht: Geh hinaus auf die Landstra\u00dfen und Hecken und n\u00f6tige sie, hereinzukommen, damit mein Haus voll werde. <sup>24<\/sup> Denn ich sage euch, dass keiner von denen, die eingeladen wurden, von meinem Abendmahl kosten wird.<\/p>\n<p>[\/et_pb_text][et_pb_text admin_label=&#8221;Eph 3 1 6&#8243; _builder_version=&#8221;4.14.8&#8243; _module_preset=&#8221;default&#8221; text_font_size=&#8221;20px&#8221; text_line_height=&#8221;1.6em&#8221; background_color=&#8221;rgba(12,113,195,0.09)&#8221; width=&#8221;40%&#8221; max_width=&#8221;40%&#8221; custom_margin=&#8221;2%|2%|2%|2%|true|true&#8221; custom_padding=&#8221;2%|2%|2%|2%|true|true&#8221; hover_enabled=&#8221;0&#8243; custom_css_main_element=&#8221;float: right;&#8221; global_colors_info=&#8221;{}&#8221; theme_builder_area=&#8221;post_content&#8221; sticky_enabled=&#8221;0&#8243;]<\/p>\n<p>Epheser 3,7-8 (SCH2000) 7 dessen Diener ich geworden bin gem\u00e4\u00df der Gabe der Gnade Gottes, die mir nach der Wirkung seiner Kraft gegeben ist. 8 Mir, dem allergeringsten unter allen Heiligen, ist diese Gnade gegeben worden, unter den Heiden den unausforschlichen Reichtum des Christus zu verk\u00fcndigen,<\/p>\n<p>[\/et_pb_text][et_pb_text admin_label=&#8221;Wolfsicher&#8221; _builder_version=&#8221;4.14.8&#8243; _module_preset=&#8221;default&#8221; text_font_size=&#8221;20px&#8221; text_line_height=&#8221;1.6em&#8221; custom_margin=&#8221;||60px|||&#8221; custom_padding=&#8221;||0px|||&#8221; hover_enabled=&#8221;0&#8243; global_colors_info=&#8221;{}&#8221; theme_builder_area=&#8221;post_content&#8221; sticky_enabled=&#8221;0&#8243;]<\/p>\n<ul>\n<li>DREI AUFRUFE ZUM FEST:\n<ul>\n<li>Diejenigen, die aufgefordert wurden &#8211; die Juden<\/li>\n<li>Die Armen, Kr\u00fcppel, Behinderten und Blinden &#8211; die Nichtjuden<\/li>\n<li>Doch es gibt Platz \/ Autobahnen und Hecken &#8211; Erweckung der letzten Tage!<\/li>\n<\/ul>\n<\/li>\n<li>3:7 &#8211; Paulus bezieht sich auf den wundersamen Moment seiner Bekehrung<\/li>\n<li>3:8 &#8211; &#8220;weniger als der Geringste aller Heiligen&#8221; &#8211; Paulus war voller Ehrfurcht, dass Gott einen Christenm\u00f6rder retten und ihn zum Apostel berufen w\u00fcrde!\n<ul>\n<li><em>1 Korinther 15:9 Denn ich bin der geringste unter den Aposteln, der nicht w\u00fcrdig ist, Apostel genannt zu werden, weil ich die Gemeinde Gottes verfolgt habe.<\/em><\/li>\n<li><em>1 Timotheus 1:15 Das ist ein treues Wort und aller Annahme wert, dass Christus Jesus in die Welt gekommen ist, um S\u00fcnder zu retten, von denen ich der Erste bin.<\/em><\/li>\n<\/ul>\n<\/li>\n<li>3:8 &#8211; &#8220;unausforschlich&#8221; = &#8220;unersch\u00f6pflich&#8221;<\/li>\n<\/ul>\n<p>[\/et_pb_text][et_pb_text admin_label=&#8221;Eph 1:3&#8243; _builder_version=&#8221;4.14.8&#8243; _module_preset=&#8221;default&#8221; text_font_size=&#8221;20px&#8221; text_line_height=&#8221;1.6em&#8221; background_color=&#8221;rgba(12,113,195,0.09)&#8221; width=&#8221;40%&#8221; max_width=&#8221;40%&#8221; custom_margin=&#8221;2%|2%|2%|2%|true|true&#8221; custom_padding=&#8221;2%|2%|2%|2%|true|true&#8221; hover_enabled=&#8221;0&#8243; custom_css_main_element=&#8221;float: right;&#8221; global_colors_info=&#8221;{}&#8221; theme_builder_area=&#8221;post_content&#8221; sticky_enabled=&#8221;0&#8243;]<\/p>\n<p>Epheser 3:9 (SCH2000) 9 und alle dar\u00fcber zu erleuchten, welches die Gemeinschaft ist, die als Geheimnis von den Ewigkeiten her in Gott verborgen war, der alles durch Jesus Christus erschaffen hat,<\/p>\n<p>[\/et_pb_text][et_pb_text _builder_version=&#8221;4.14.8&#8243; _module_preset=&#8221;default&#8221; text_font_size=&#8221;20px&#8221; text_line_height=&#8221;1.6em&#8221; custom_margin=&#8221;||60px|||&#8221; custom_padding=&#8221;||0px|||&#8221; hover_enabled=&#8221;0&#8243; global_colors_info=&#8221;{}&#8221; theme_builder_area=&#8221;post_content&#8221; sticky_enabled=&#8221;0&#8243;]<\/p>\n<ul>\n<li>\n<p>3:9 &#8211; &#8220;Gemeinschaft des Geheimnisses \/ verborgen in Gott&#8221; &#8211; die Offenbarung der Kirche war im Alten Testament verborgen, aber auch Heiden, die gehorchten, wurden gesegnet<\/p>\n<p><strong><u>Lukas 4:25-27 <\/u><\/strong>Ich sage euch aber die Wahrheit: Es waren viele Witwen in Israel zur Zeit des Elias, als der Himmel drei Jahre und sechs Monate verschlossen war und eine gro\u00dfe Hungersnot im ganzen Land herrschte; aber zu keiner von ihnen wurde Elias gesandt, au\u00dfer nach Sarepta, einer Stadt in Sidon, zu einer Frau, die eine Witwe war. Und es waren viele Auss\u00e4tzige in Israel zur Zeit des Propheten Eliseus, und keiner von ihnen wurde gereinigt, au\u00dfer Naaman, der Syrer.<\/p>\n<p><strong><u>Matth\u00e4us 8:8-10 <\/u><\/strong>Der Hauptmann antwortete und sprach: Herr, ich bin nicht w\u00fcrdig, dass du unter mein Dach kommst; sondern sprich nur ein Wort, so wird mein Knecht gesund werden. Denn ich bin ein Mann der Obrigkeit und habe Soldaten unter mir; und wenn ich zu diesem sage: Geh hin, so geht er; und wenn ich zu einem anderen sage: Komm, so kommt er; und wenn ich zu meinem Knecht sage: Tu dies, so tut er es. Als Jesus das h\u00f6rte, wunderte er sich und sagte zu denen, die ihm folgten: &#8220;Wahrlich, ich sage euch: Einen so gro\u00dfen Glauben habe ich nicht gefunden, auch nicht in Israel.<\/p>\n<p>3:9 &#8211; &#8220;alles durch Jesus Christus geschaffen&#8221; &#8211; derselbe Gott, der die WELT aus dem Nichts geschaffen hat, schafft auch seine KIRCHE aus dem Nichts!<\/p>\n<\/li>\n<\/ul>\n<p>[\/et_pb_text][et_pb_text admin_label=&#8221;1 Kor&#8221; _builder_version=&#8221;4.14.8&#8243; _module_preset=&#8221;default&#8221; text_font_size=&#8221;20px&#8221; text_line_height=&#8221;1.6em&#8221; background_color=&#8221;rgba(12,113,195,0.09)&#8221; width=&#8221;40%&#8221; max_width=&#8221;40%&#8221; custom_margin=&#8221;2%|2%|2%|2%|true|true&#8221; custom_padding=&#8221;2%|2%|2%|2%|true|true&#8221; hover_enabled=&#8221;0&#8243; custom_css_main_element=&#8221;float: left;&#8221; global_colors_info=&#8221;{}&#8221; theme_builder_area=&#8221;post_content&#8221; sticky_enabled=&#8221;0&#8243;]<\/p>\n<p>Epheser 3:10-11 (SCH2000) 10 damit jetzt den F\u00fcrstent\u00fcmern und Gewalten in den himmlischen [Regionen] durch die Gemeinde die mannigfaltige Weisheit Gottes bekannt gemacht werden kann, 11 nach dem Vorsatz der Ewigkeiten, den er in Christus Jesus, unserem Herrn, gefasst hat,<\/p>\n<p>[\/et_pb_text][et_pb_text _builder_version=&#8221;4.14.8&#8243; _module_preset=&#8221;default&#8221; text_font_size=&#8221;20px&#8221; text_line_height=&#8221;1.6em&#8221; custom_margin=&#8221;||60px|||&#8221; custom_padding=&#8221;||0px|||&#8221; hover_enabled=&#8221;0&#8243; global_colors_info=&#8221;{}&#8221; theme_builder_area=&#8221;post_content&#8221; sticky_enabled=&#8221;0&#8243;]<\/p>\n<ul>\n<li>3:10 &#8211; &#8220;in der Absicht, dass JETZT&#8221; &#8211; was vorher verborgen war, wird JETZT offenbart<\/li>\n<li>Gott offenbart sich selbst, seine Prinzipien und seine Absichten immer schrittweise. Du konntest nicht alles auf einmal nehmen, deshalb hat Gott bis JETZT in deinem Leben gewartet. Bei Gott ist das Timing alles &#8211; nimm sein &#8220;fortschreitendes&#8221; Wort auf!<\/li>\n<li>PROGRESSIVE OFFENBARUNG &#8211; in der Genesis wurde ein namenloses Tier geopfert, um die S\u00fcnden Adams zu bedecken, sp\u00e4ter ein LAMM f\u00fcr die S\u00fcnden Abels, Exodus zeigt uns, dass dieses Blutopfer ANGEWENDET werden soll, Levitikus sagt uns, dass es ein fleckenloses m\u00e4nnliches Lamm sein soll, Jesaja sagt uns, dass das Lamm eigentlich ein MANN ist, aber wir wissen nicht, welcher Mann, bis Johannes der T\u00e4ufer sagt: &#8220;SEHT DAS LAMM GOTTES!&#8221;<\/li>\n<li>Wenn Gott etwas sagt, wirkt sein Wort weiter (&#8220;es werde Licht&#8221;); dasselbe Wort, das dich befreit hat, sagt immer noch: &#8220;Ihr sollt leben &#8230;&#8221;<\/li>\n<li>3:11 &#8211; &#8220;ewige Bestimmung&#8221; &#8211; was mit dir als Kind Gottes in der ZEIT geschieht, wurde in der EWIGKEIT vorherbestimmt &#8211; Gott hat dich nicht nur in der ZEIT erl\u00f6st, sondern in der EWIGKEIT (Offb. 13:8 &#8211; &#8220;das Lamm, das geschlachtet ist von Grundlegung der Welt an&#8221;)<\/li>\n<li>GOTT HAT ES IN DER EWIGKEIT FESTGELEGT UND ES DANN IN DER ZEIT MANIFESTIERT. Deshalb ist es nur &#8220;eine Frage der Zeit&#8221;, bis Gott mich aus meinen Schwierigkeiten befreit, denn er hat sie in der Ewigkeit behoben!<\/li>\n<\/ul>\n<p>[\/et_pb_text][et_pb_text admin_label=&#8221;Lk 13:12,16&#8243; _builder_version=&#8221;4.14.8&#8243; _module_preset=&#8221;default&#8221; text_font_size=&#8221;20px&#8221; text_line_height=&#8221;1.6em&#8221; background_color=&#8221;rgba(12,113,195,0.09)&#8221; width=&#8221;40%&#8221; max_width=&#8221;40%&#8221; custom_margin=&#8221;2%|2%|2%|2%|true|true&#8221; custom_padding=&#8221;2%|2%|2%|2%|true|true&#8221; hover_enabled=&#8221;0&#8243; custom_css_main_element=&#8221;float: left;&#8221; global_colors_info=&#8221;{}&#8221; theme_builder_area=&#8221;post_content&#8221; sticky_enabled=&#8221;0&#8243;]<\/p>\n<p>Ephesians 3:12-15 (SCH2000) 12 in dem wir die Freim\u00fctigkeit und den Zugang haben in Zuversicht durch den Glauben an ihn. 13 Darum bitte ich, dass ihr nicht mutlos werdet wegen meiner Bedr\u00e4ngnisse um euretwillen, die euch eine Ehre sind. 14 Deshalb beuge ich meine Knie vor dem Vater unseres Herrn Jesus Christus, 15 von dem jedes Geschlecht im Himmel und auf Erden den Namen erh\u00e4lt,<\/p>\n<p>[\/et_pb_text][et_pb_text admin_label=&#8221;Der Prozess der Reifung&#8221; _builder_version=&#8221;4.14.8&#8243; _module_preset=&#8221;default&#8221; text_font_size=&#8221;20px&#8221; text_line_height=&#8221;1.6em&#8221; custom_margin=&#8221;||60px|||&#8221; custom_padding=&#8221;||0px|||&#8221; hover_enabled=&#8221;0&#8243; global_colors_info=&#8221;{}&#8221; theme_builder_area=&#8221;post_content&#8221; sticky_enabled=&#8221;0&#8243;]<\/p>\n<p>3:12 &#8211; &#8220;K\u00fchnheit und Zugang mit Zuversicht&#8221; (!)<\/p>\n<p>3:12 &#8211; &#8220;durch den Glauben an IHN&#8221; &#8211; wir leben durch SEINEN GLAUBEN!<\/p>\n<p><strong><u>Galater 2:20 <\/u><\/strong>Ich bin mit Christus gekreuzigt; dennoch lebe ich, aber nicht ich, sondern Christus lebt in mir. Und das Leben, das ich jetzt im Fleisch lebe<strong>, lebe ich durch den Glauben an den Sohn Gottes<\/strong>, der mich geliebt und sich selbst f\u00fcr mich hingegeben hat.<\/p>\n<p>Das Einzige, was noch lebte, als Jesus ins Grab ging, waren die Worte, die er GLAUBENd gesprochen hatte. Oft ist unser Glaube und unser Vertrauen in das Wort alles, was wir haben, wenn wir in unseren Pr\u00fcfungen begraben sind! Und ohne die Auferstehung Jesu h\u00e4tten wir keinen Beweis daf\u00fcr, dass &#8220;sein Glaube&#8221; tats\u00e4chlich funktioniert hat.<\/p>\n<p><strong><u>Johannes 2:19 <\/u><\/strong>Jesus antwortete und sprach zu ihnen: Brecht diesen Tempel ab, und in drei Tagen werde ich ihn aufrichten.<\/p>\n<p><strong><u>1 Korinther 15:17 <\/u><\/strong>Wenn aber Christus nicht auferweckt wird, ist euer Glaube vergeblich; ihr seid noch in euren S\u00fcnden.<\/p>\n<p>3:13 &#8211; Tr\u00fcbsal um des Evangeliums willen bringt Gott und seiner Kirche Ehre &#8211; deine Tr\u00fcbsal ist nicht nur f\u00fcr dich &#8211; deine Erfahrungen haben Auswirkungen auf andere<\/p>\n<p><strong><u>2 Korinther 4:17 <\/u><\/strong>Denn unsere leichte Bedr\u00e4ngnis, die nur f\u00fcr einen Augenblick ist, bewirkt f\u00fcr uns ein weitaus gr\u00f6\u00dferes und ewiges Gewicht der Herrlichkeit;<\/p>\n<p><strong><u>2 Korinther 3:18 <\/u><\/strong>Wir alle aber, die wir mit offenem Angesicht die Herrlichkeit des Herrn schauen, werden in dasselbe Bild verwandelt, von Herrlichkeit zu Herrlichkeit, wie durch den Geist des Herrn.<\/p>\n<p>Wir gehen nicht von Schlacht zu Schlacht und von Pr\u00fcfung zu Pr\u00fcfung, sondern von Offenbarung zu Offenbarung, von Sieg zu Sieg und von Herrlichkeit zu Herrlichkeit!<\/p>\n<p><strong><u>2 Timotheus 1:8 <\/u><\/strong>So sch\u00e4me dich nun nicht des Zeugnisses unseres Herrn und auch nicht meiner, seines Gefangenen, sondern sei teilhaftig der Tr\u00fcbsal des Evangeliums nach der Kraft Gottes;<\/p>\n<p><strong><u>2 Timotheus 2:9 <\/u><\/strong>Darin leide ich als \u00dcbelt\u00e4ter bis hin zu den Fesseln; aber das Wort Gottes ist nicht gebunden.<\/p>\n<p>Du kannst aus eigener Kraft sowieso nichts tun, was einen ewigen Nutzen hat!<\/p>\n<p>3:14 &#8211; &#8220;Darum beuge ich mich&#8221; &#8211; Paulus hat Ehrfurcht vor dem Plan Gottes<\/p>\n<p>3:15 &#8211; &#8220;die ganze Familie&#8221; &#8211; die Kirche ist gr\u00f6\u00dfer als Nordamerika, und die Kirche ist auch gr\u00f6\u00dfer als JETZT (sie reicht in die VERGANGENHEIT und die ZUKUNFT); die ganze Familie umfasst eine unz\u00e4hlige Schar von Heiligen und sogar die Engel &#8211; <strong>Denkt daran, dass ihr nie allein gebetet habt!<\/strong><\/p>\n<p><strong><u>Hebr\u00e4er 12:1 <\/u><\/strong>Da wir nun mit einer so gro\u00dfen Wolke von Zeugen umgeben sind, lasst uns jede Last ablegen und die S\u00fcnde, die uns so leicht \u00fcberw\u00e4ltigt, und lasst uns mit Geduld laufen den Lauf, der vor uns liegt\u00a0<\/p>\n<p><strong><u>Psalm 34:7 <\/u><\/strong>Der Engel des HERRN umgibt die, die ihn f\u00fcrchten, und errettet sie. <\/p>\n<p>[\/et_pb_text][et_pb_text admin_label=&#8221;1 Kor 2&#8243; _builder_version=&#8221;4.14.8&#8243; _module_preset=&#8221;default&#8221; text_font_size=&#8221;20px&#8221; text_line_height=&#8221;1.6em&#8221; background_color=&#8221;rgba(12,113,195,0.09)&#8221; width=&#8221;40%&#8221; max_width=&#8221;40%&#8221; custom_margin=&#8221;2%|2%|2%|2%|true|true&#8221; custom_padding=&#8221;2%|2%|2%|2%|true|true&#8221; hover_enabled=&#8221;0&#8243; custom_css_main_element=&#8221;float: right;&#8221; global_colors_info=&#8221;{}&#8221; theme_builder_area=&#8221;post_content&#8221; sticky_enabled=&#8221;0&#8243;]<\/p>\n<p>Ephesians 3:16-21 (SCH2000) 16 dass er euch nach dem Reichtum seiner Herrlichkeit gebe, durch seinen Geist mit Kraft gest\u00e4rkt zu werden an dem inneren Menschen, 17 dass der Christus durch den Glauben in euren Herzen wohne, damit ihr, in Liebe gewurzelt und gegr\u00fcndet, 18 dazu f\u00e4hig seid, mit allen Heiligen zu begreifen, was die Breite, die L\u00e4nge, die Tiefe und die H\u00f6he sei, 19 und die Liebe des Christus zu erkennen, die doch alle Erkenntnis \u00fcbersteigt, damit ihr erf\u00fcllt werdet bis zur ganzen F\u00fclle Gottes. 20 Dem aber, der weit \u00fcber die Ma\u00dfen mehr zu tun vermag als wir bitten oder verstehen, gem\u00e4\u00df der Kraft, die in uns wirkt, 21 ihm sei die Ehre in der Gemeinde in Christus Jesus, auf alle Geschlechter der Ewigkeit der Ewigkeiten! Amen.<\/p>\n<p>[\/et_pb_text][et_pb_text _builder_version=&#8221;4.14.8&#8243; _module_preset=&#8221;default&#8221; text_font_size=&#8221;20px&#8221; text_line_height=&#8221;1.6em&#8221; custom_margin=&#8221;||60px|||&#8221; custom_padding=&#8221;||0px|||&#8221; hover_enabled=&#8221;0&#8243; global_colors_info=&#8221;{}&#8221; theme_builder_area=&#8221;post_content&#8221; sticky_enabled=&#8221;0&#8243;]<\/p>\n<p>Gott wei\u00df, wie er das, was wir heute tun und sagen, nutzen kann, um jemanden auf der ganzen Welt zu segnen &#8211; oder sogar jemanden aus &#8220;der ganzen Familie&#8221; in einer zuk\u00fcnftigen Generation!<\/p>\n<p>3:16 &#8211; &#8220;innerer MANN&#8221; &#8211; nicht &#8220;inneres Kind&#8221; &#8211; du bist berufen, REIF zu sein, von Gott gest\u00e4rkt, REIF zu sein, und es wird erwartet, dass du REIF bist!<\/p>\n<p>3:17 &#8211; &#8220;wohnen&#8221; &#8211; &#8220;wie ein Haus bewohnen&#8221; &#8211; das bedeutet, dass Christus nicht nur in unseren Herzen wohnt, sondern dass er sich in uns &#8220;zu Hause&#8221; f\u00fchlt!<\/p>\n<p>3:17 &#8211; &#8220;verwurzelt und geerdet&#8221; &#8211; sicher befestigt!<\/p>\n<p>3:19 &#8211; &#8220;\u00fcbersteigt die Erkenntnis&#8221; &#8211; gr\u00f6\u00dfer als das, was du dir vorstellen kannst!<\/p>\n<p>Ein Kind, das wei\u00df, dass es wirklich geliebt wird, hat keine Funktionsst\u00f6rungen &#8211; Gottes Liebe vertreibt unsere Abh\u00e4ngigkeit von anderen f\u00fcr unser Gl\u00fcck.<\/p>\n<p>3:20 &#8211; &#8220;exceeding abundantly above all&#8221; &#8211; die englischen \u00dcbersetzer tun sich hier etwas schwer, uns das Gef\u00fchl zu vermitteln, dass Gottes Macht &#8220;over the top&#8221; ist.\u00a0\u00a0<\/p>\n<p>3:20 &#8211; &#8220;gem\u00e4\u00df&#8221; &#8211; ein im Epheserbrief gebr\u00e4uchliches Wort, das &#8220;in \u00dcbereinstimmung mit&#8221; bedeutet &#8211; in den ersten beiden Kapiteln bezieht es sich auf etwas, das Gott oder der Teufel getan hat (im Geisterreich) &#8211; hier wird es verwendet, um sich auf etwas zu beziehen, das WIR als Kirche zulassen!<\/p>\n<p>3:21 &#8211; &#8220;Amen&#8221; &#8211; &#8220;absolut, eindeutig wahr&#8221; &#8211; gegen eine Aussage, die ein &#8220;Amen&#8221; am Ende hat, kann man nicht argumentieren!<\/p>\n<p><strong><u>2 Korinther 1:20 <\/u><\/strong>Denn alle Verhei\u00dfungen Gottes in ihm sind Ja und in ihm <strong>Amen<\/strong>, zur Ehre Gottes durch uns.<\/p>\n<p><strong><u>R\u00f6mer 16:20 <\/u><\/strong>Und der Gott des Friedens wird den Satan bald unter eure F\u00fc\u00dfe zertreten. Die Gnade unseres Herrn Jesus Christus sei mit dir. <strong>Amen<\/strong>.<\/p>\n<p><strong><u>Offenbarung 22:20 <\/u><\/strong>Er, der dies bezeugt, sagt: &#8220;Ich komme bald. <strong>Amen<\/strong>. So komm auch du, Herr Jesus.<\/p>\n<p>[\/et_pb_text][et_pb_button button_url=&#8221;https:\/\/www.felsenhaus.church#kontakt&#8221; url_new_window=&#8221;on&#8221; button_text=&#8221;Ein Bibelstudium bitte!&#8221; _builder_version=&#8221;4.10.7&#8243; custom_button=&#8221;on&#8221; button_text_size=&#8221;16px&#8221; button_text_color=&#8221;#ffffff&#8221; button_bg_color=&#8221;#ff4d54&#8243; button_border_width=&#8221;0px&#8221; button_border_radius=&#8221;100px&#8221; button_letter_spacing=&#8221;1px&#8221; button_font=&#8221;|700||on|||||&#8221; custom_padding=&#8221;14px|34px|14px|34px|true|true&#8221; animation_style=&#8221;zoom&#8221; box_shadow_style=&#8221;preset1&#8243; box_shadow_vertical=&#8221;10px&#8221; box_shadow_blur=&#8221;30px&#8221; box_shadow_color=&#8221;rgba(255,77,84,0.24)&#8221; button_letter_spacing_hover=&#8221;1px&#8221; locked=&#8221;off&#8221; global_colors_info=&#8221;{}&#8221; button_text_size__hover_enabled=&#8221;off&#8221; button_one_text_size__hover_enabled=&#8221;off&#8221; button_two_text_size__hover_enabled=&#8221;off&#8221; button_text_color__hover_enabled=&#8221;off&#8221; button_one_text_color__hover_enabled=&#8221;off&#8221; button_two_text_color__hover_enabled=&#8221;off&#8221; button_border_width__hover_enabled=&#8221;off&#8221; button_one_border_width__hover_enabled=&#8221;off&#8221; button_two_border_width__hover_enabled=&#8221;off&#8221; button_border_color__hover_enabled=&#8221;off&#8221; button_one_border_color__hover_enabled=&#8221;off&#8221; button_two_border_color__hover_enabled=&#8221;off&#8221; button_border_radius__hover_enabled=&#8221;off&#8221; button_one_border_radius__hover_enabled=&#8221;off&#8221; button_two_border_radius__hover_enabled=&#8221;off&#8221; button_letter_spacing__hover_enabled=&#8221;on&#8221; button_letter_spacing__hover=&#8221;1px&#8221; button_one_letter_spacing__hover_enabled=&#8221;off&#8221; button_two_letter_spacing__hover_enabled=&#8221;off&#8221; button_bg_color__hover_enabled=&#8221;off&#8221; button_one_bg_color__hover_enabled=&#8221;off&#8221; button_two_bg_color__hover_enabled=&#8221;off&#8221; theme_builder_area=&#8221;post_content&#8221;][\/et_pb_button][\/et_pb_column][\/et_pb_row][\/et_pb_section]<\/p>\n","protected":false},"excerpt":{"rendered":"<p>Themenartikel LEBENSTILChristliches Ausbildungslager &#8211; Teil 3 (Epheserbrief)Grundlage der Christlichen Lehre[ez-toc]Eine Bibelstudiumserie von Raymond Woodward (www.raymondwoodward.com)Der Herr Jesus Christus hat unseren Feind bereits haushoch besiegt. Er hat es jedoch uns \u00fcberlassen, den Sieg, den er im Himmel errungen hat, jeden Tag in den irdischen Sch\u00fctzengr\u00e4ben durchzusetzen. Das Buch der Epheser dient als Bootcamp f\u00fcr Gl\u00e4ubige und [&hellip;]<\/p>\n","protected":false},"author":2,"featured_media":697,"comment_status":"open","ping_status":"open","sticky":false,"template":"","format":"standard","meta":{"_et_pb_use_builder":"on","_et_pb_old_content":"","_et_gb_content_width":"","footnotes":""},"categories":[7,10],"tags":[],"class_list":["post-699","post","type-post","status-publish","format-standard","has-post-thumbnail","hentry","category-foundations","category-lifestyle"],"_links":{"self":[{"href":"https:\/\/pfingstgemeinde-duisburg.de\/index.php?rest_route=\/wp\/v2\/posts\/699","targetHints":{"allow":["GET"]}}],"collection":[{"href":"https:\/\/pfingstgemeinde-duisburg.de\/index.php?rest_route=\/wp\/v2\/posts"}],"about":[{"href":"https:\/\/pfingstgemeinde-duisburg.de\/index.php?rest_route=\/wp\/v2\/types\/post"}],"author":[{"embeddable":true,"href":"https:\/\/pfingstgemeinde-duisburg.de\/index.php?rest_route=\/wp\/v2\/users\/2"}],"replies":[{"embeddable":true,"href":"https:\/\/pfingstgemeinde-duisburg.de\/index.php?rest_route=%2Fwp%2Fv2%2Fcomments&post=699"}],"version-history":[{"count":0,"href":"https:\/\/pfingstgemeinde-duisburg.de\/index.php?rest_route=\/wp\/v2\/posts\/699\/revisions"}],"wp:featuredmedia":[{"embeddable":true,"href":"https:\/\/pfingstgemeinde-duisburg.de\/index.php?rest_route=\/wp\/v2\/media\/697"}],"wp:attachment":[{"href":"https:\/\/pfingstgemeinde-duisburg.de\/index.php?rest_route=%2Fwp%2Fv2%2Fmedia&parent=699"}],"wp:term":[{"taxonomy":"category","embeddable":true,"href":"https:\/\/pfingstgemeinde-duisburg.de\/index.php?rest_route=%2Fwp%2Fv2%2Fcategories&post=699"},{"taxonomy":"post_tag","embeddable":true,"href":"https:\/\/pfingstgemeinde-duisburg.de\/index.php?rest_route=%2Fwp%2Fv2%2Ftags&post=699"}],"curies":[{"name":"wp","href":"https:\/\/api.w.org\/{rel}","templated":true}]}}