{"id":718,"date":"2023-12-17T01:27:17","date_gmt":"2023-12-16T23:27:17","guid":{"rendered":"https:\/\/www.felsenhaus.church\/?p=718"},"modified":"2023-12-17T01:27:17","modified_gmt":"2023-12-16T23:27:17","slug":"die-gememeinde-jesu-christi-mus-vollig-apostolisch-sein","status":"publish","type":"post","link":"https:\/\/pfingstgemeinde-duisburg.de\/?p=718","title":{"rendered":"Die Gememeinde Jesu Christi mu\u00df V\u00f6llig Apostolisch sein"},"content":{"rendered":"<p>[et_pb_section fb_built=&#8221;1&#8243; admin_label=&#8221;Hero&#8221; _builder_version=&#8221;4.11.2&#8243; use_background_color_gradient=&#8221;on&#8221; background_color_gradient_start=&#8221;rgba(0,0,0,0.6)&#8221; background_color_gradient_end=&#8221;rgba(0,0,0,0.6)&#8221; background_color_gradient_overlays_image=&#8221;on&#8221; background_image=&#8221;https:\/\/pfingstgemeinde-duisburg.de\/wp-content\/uploads\/2021\/09\/Felsen-blau-bkgd.png&#8221; custom_padding=&#8221;23px|0px|27px|0px|false|false&#8221; animation_style=&#8221;zoom&#8221; animation_intensity_zoom=&#8221;4%&#8221; global_colors_info=&#8221;{}&#8221;][et_pb_row _builder_version=&#8221;3.25&#8243; background_size=&#8221;initial&#8221; background_position=&#8221;top_left&#8221; background_repeat=&#8221;repeat&#8221; custom_padding=&#8221;|||&#8221; animation_style=&#8221;slide&#8221; animation_direction=&#8221;top&#8221; animation_intensity_slide=&#8221;3%&#8221; global_colors_info=&#8221;{}&#8221;][et_pb_column type=&#8221;4_4&#8243; _builder_version=&#8221;3.25&#8243; custom_padding=&#8221;|||&#8221; global_colors_info=&#8221;{}&#8221; custom_padding__hover=&#8221;|||&#8221;][et_pb_text _builder_version=&#8221;4.11.2&#8243; text_font=&#8221;Montserrat|500||on|||||&#8221; text_text_color=&#8221;#f7f7f7&#8243; text_font_size=&#8221;16px&#8221; text_letter_spacing=&#8221;3px&#8221; background_size=&#8221;initial&#8221; background_position=&#8221;top_left&#8221; background_repeat=&#8221;repeat&#8221; custom_margin=&#8221;|||&#8221; custom_padding=&#8221;||12px|||&#8221; animation_style=&#8221;slide&#8221; animation_direction=&#8221;bottom&#8221; locked=&#8221;off&#8221; global_colors_info=&#8221;{}&#8221;]<\/p>\n<p><strong>Themenartikel<\/strong><\/p>\n<p>LEBENSTIL<\/p>\n<p>[\/et_pb_text][et_pb_text _builder_version=&#8221;4.14.8&#8243; text_font=&#8221;||||||||&#8221; header_font=&#8221;Montserrat|700||on|||||&#8221; header_text_color=&#8221;#ffffff&#8221; header_font_size=&#8221;60px&#8221; header_line_height=&#8221;1.3em&#8221; header_2_font=&#8221;||||||||&#8221; background_size=&#8221;initial&#8221; background_position=&#8221;top_left&#8221; background_repeat=&#8221;repeat&#8221; custom_margin=&#8221;|-69px||-16px||&#8221; animation_style=&#8221;fade&#8221; header_font_size_last_edited=&#8221;off|desktop&#8221; locked=&#8221;off&#8221; global_colors_info=&#8221;{}&#8221;]<\/p>\n<h1>V\u00f6llig apostolisch<\/h1>\n<p>[\/et_pb_text][et_pb_text _builder_version=&#8221;4.14.8&#8243; text_font=&#8221;||||||||&#8221; text_text_color=&#8221;#ffffff&#8221; text_font_size=&#8221;24px&#8221; text_line_height=&#8221;1.8em&#8221; use_background_color_gradient=&#8221;on&#8221; background_color_gradient_start=&#8221;rgba(255,255,255,0.01)&#8221; background_color_gradient_end=&#8221;rgba(255,255,255,0.61)&#8221; background_enable_image=&#8221;off&#8221; background_repeat=&#8221;repeat&#8221; max_width=&#8221;700px&#8221; module_alignment=&#8221;left&#8221; animation_style=&#8221;flip&#8221; animation_direction=&#8221;top&#8221; animation_intensity_flip=&#8221;20%&#8221; locked=&#8221;off&#8221; global_colors_info=&#8221;{}&#8221;]<\/p>\n<p>Grundlage der Christlichen Lehre<\/p>\n<p>[\/et_pb_text][\/et_pb_column][\/et_pb_row][\/et_pb_section][et_pb_section fb_built=&#8221;1&#8243; admin_label=&#8221;Text and Image&#8221; _builder_version=&#8221;3.22&#8243; background_color=&#8221;#f7f7f7&#8243; custom_padding=&#8221;14px|0px|0px|0px||&#8221; global_colors_info=&#8221;{}&#8221;][\/et_pb_section][et_pb_section fb_built=&#8221;1&#8243; _builder_version=&#8221;4.11.2&#8243; _module_preset=&#8221;default&#8221; custom_padding=&#8221;26px||19px|||&#8221; global_colors_info=&#8221;{}&#8221;][et_pb_row _builder_version=&#8221;4.11.2&#8243; _module_preset=&#8221;default&#8221; global_colors_info=&#8221;{}&#8221;][et_pb_column type=&#8221;4_4&#8243; _builder_version=&#8221;4.11.2&#8243; _module_preset=&#8221;default&#8221; global_colors_info=&#8221;{}&#8221;][et_pb_text admin_label=&#8221;Text&#8221; _builder_version=&#8221;4.14.8&#8243; _module_preset=&#8221;default&#8221; text_font_size=&#8221;20px&#8221; text_line_height=&#8221;1.6em&#8221; custom_padding=&#8221;||0px|||&#8221; locked=&#8221;off&#8221; global_colors_info=&#8221;{}&#8221;]<\/p>\n<p><span>[ez-toc]<\/span><\/p>\n<p>[\/et_pb_text][et_pb_text _builder_version=&#8221;4.14.8&#8243; _module_preset=&#8221;default&#8221; global_colors_info=&#8221;{}&#8221;]<\/p>\n<p>Urspr\u00fcnglich vom Artikel von C. G. Robinette, Stimme der Vision, 2019, 1. Ausgabe &#8211; &#8220;<b>Wir M\u00fcssen V\u00f6llig Apostolisch Sein! <\/b><\/p>\n<p>&#8220;<\/p>\n<p>[\/et_pb_text][et_pb_text admin_label=&#8221;Rom 5 20&#8243; _builder_version=&#8221;4.14.8&#8243; _module_preset=&#8221;default&#8221; text_font_size=&#8221;20px&#8221; text_line_height=&#8221;1.6em&#8221; background_color=&#8221;rgba(12,113,195,0.09)&#8221; width=&#8221;40%&#8221; max_width=&#8221;40%&#8221; custom_margin=&#8221;2%|2%|2%|2%|true|true&#8221; custom_padding=&#8221;2%|2%|2%|2%|true|true&#8221; custom_css_main_element=&#8221;float: right;&#8221; global_colors_info=&#8221;{}&#8221;]<\/p>\n<p>R\u00f6m 5:20-21 (SCH2000) 20 Das Gesetz aber ist daneben hereingekommen, damit das Ma\u00df der \u00dcbertretung voll w\u00fcrde. Wo aber das Ma\u00df der S\u00fcnde voll geworden ist, da ist die Gnade \u00fcberstr\u00f6mend geworden, 21 damit, wie die S\u00fcnde geherrscht hat im Tod, so auch die Gnade herrsche durch Gerechtigkeit zu ewigem Leben durch Jesus Christus, unseren Herrn.<\/p>\n<p>[\/et_pb_text][et_pb_text admin_label=&#8221;Intro&#8221; _builder_version=&#8221;4.14.8&#8243; _module_preset=&#8221;default&#8221; text_font_size=&#8221;20px&#8221; text_line_height=&#8221;1.6em&#8221; custom_margin=&#8221;||60px|||&#8221; custom_padding=&#8221;|54px|0px|66px||&#8221; global_colors_info=&#8221;{}&#8221;]<\/p>\n<p class=\"p1\"><strong>Ja, eine schreckliche geistliche Finsternis nimmt den Globus ein, <span class=\"s1\">aber irre nicht, es gab noch\u00a0<\/span><\/strong><span class=\"s1\"><b><strong>nie eine gr\u00f6\u00dfere Gelegenheit f\u00fcr die \u201cv\u00f6llig apostolische\u201d Gemeinde!<\/strong><\/b><\/span><b>(R\u00f6mer 5:20, Lukas 1:79) <\/b><\/p>\n<ul>\n<li class=\"p1\">Wir haben das Zeugnis, das Nationen erwecken wird! <b>(Apostelgeschichte 1:8; Matth\u00e4us 24:14) <\/b><\/li>\n<li class=\"p1\">Wir haben die Botschaft, die Leben verwandeln wird! <b>(2 Korinther 5:17) <\/b><\/li>\n<li class=\"p1\">Wir haben die Autorit\u00e4t \u00fcber die Werke des Feindes! <b>(Lukas 10:19, Matth\u00e4us 16:15-19) <\/b><\/li>\n<li class=\"p1\">Wir haben das Gegenmittel, das die schreckliche geistliche Finsternis abwehren und das wunderbare Licht Christi offenbaren wird <b>(Johannes 8:12, Johannes 1:5, 1 Johannes 1:5-7, Apostelgeschichte 26:18) <\/b><\/li>\n<li class=\"p1\">Wir haben die Macht, die blinde Augen und taube Ohren \u00f6ffnen sowie Tote auferwecken wird! <b>(Markus 16:17-20, Jakobus 5:14-15, Matth\u00e4us 10:8) <\/b><\/li>\n<\/ul>\n<p class=\"p1\">Die Welt braucht sehr dringend \u201eDAS WAHRE\u201c und wir, die <span class=\"s1\"><b><i>\u201ev\u00f6llig apostolische\u201c <\/i><\/b><\/span>Gemeinde sind Gottes L\u00f6sung f\u00fcr eine verlorene und geistlich verarmte Zivilisation! Die Welt m\u00f6chte keine Betr\u00fcger mehr! Die Gesellschaft hat schon genug von Scharlatanen!<\/p>\n<p>[\/et_pb_text][et_pb_text admin_label=&#8221;Eph 3 1 6&#8243; _builder_version=&#8221;4.14.8&#8243; _module_preset=&#8221;default&#8221; text_font_size=&#8221;20px&#8221; text_line_height=&#8221;1.6em&#8221; background_color=&#8221;rgba(12,113,195,0.09)&#8221; width=&#8221;40%&#8221; max_width=&#8221;40%&#8221; custom_margin=&#8221;2%|2%|2%|2%|true|true&#8221; custom_padding=&#8221;2%|2%|2%|2%|true|true&#8221; custom_css_main_element=&#8221;float: right;&#8221; global_colors_info=&#8221;{}&#8221;]<\/p>\n<p><strong>Mark 16:15<\/strong> (SCH2000) 15 Und er sprach zu ihnen: Geht hin in alle Welt und verk\u00fcndigt das Evangelium der ganzen Sch\u00f6pfung!<\/p>\n<p><strong>2 Timothy 3:16-17<\/strong> (SCH2000) 16 Alle Schrift ist von Gott eingegeben und n\u00fctzlich zur Belehrung, zur \u00dcberf\u00fchrung, zur Zurechtweisung, zur Erziehung in der Gerechtigkeit, 17 damit der Mensch Gottes ganz zubereitet sei, zu jedem guten Werk v\u00f6llig ausger\u00fcstet.<\/p>\n<p>[\/et_pb_text][et_pb_text admin_label=&#8221;Wolfsicher&#8221; _builder_version=&#8221;4.14.8&#8243; _module_preset=&#8221;default&#8221; text_font_size=&#8221;20px&#8221; text_line_height=&#8221;1.6em&#8221; custom_margin=&#8221;||60px|||&#8221; custom_padding=&#8221;||0px|||&#8221; global_colors_info=&#8221;{}&#8221;]<\/p>\n<p class=\"p1\">Die Gemeinde muss <span class=\"s1\"><b><i>\u201ev\u00f6llig apostolisch\u201c <\/i><\/b><\/span>sein!<\/p>\n<ol>\n<li style=\"list-style-type: none;\">\n<ol>\n<li class=\"p1\">Eine Gemeinde, die <span class=\"s1\"><b><i>\u201ev\u00f6llig apostolisch\u201c <\/i><\/b><\/span>ist, gewinnt Seelen! <b>(Markus 16:15,\u00a0<\/b><b>Matth\u00e4us 28:19-20) <\/b><\/li>\n<li class=\"p1\">Eine Gemeinde, die <span class=\"s1\"><b><i>\u201ev\u00f6llig apostolisch\u201c <\/i><\/b><\/span>ist, liebt die Bibellehre <b>(Apostelgeschichte 2:38,\u00a0<\/b><b>Apostelgeschichte 4:12, 2 Timotheus 3:16, 5 Mose 6:4, Epheser 2:20, R\u00f6mer 6:23) <\/b><\/li>\n<li class=\"p1\">Eine Gemeinde, die <span class=\"s1\"><b><i>\u201ev\u00f6llig apostolisch\u201c <\/i><\/b><\/span>ist, liebt die Gemeinschaft der Erl\u00f6sten! <b>(Hebr\u00e4er\u00a0<\/b><b>10:24-25, R\u00f6mer 12:10, Apostelgeschichte 2:42, 1 Johannes 4:11) <\/b><\/li>\n<li class=\"p1\">Eine Gemeinde, die <span class=\"s1\"><b><i>\u201ev\u00f6llig apostolisch\u201c <\/i><\/b><\/span>ist, sieht Wunder, die ihr nachfolgen!\u00a0<b>(Markus 16:17-20) <\/b><\/li>\n<li class=\"p1\">Eine Gemeinde, die <span class=\"s1\"><b><i>\u201ev\u00f6llig apostolisch\u201c <\/i><\/b><\/span>ist, nimmt den biblischen apostolischen Lebensstil der\u00a0Heiligkeit vollkommen an! <b>(1 Petrus 1:14-16, 1 Johannes 3:6-10, 2 Korinther 7:1,\u00a0<\/b><b>Hebr\u00e4er 12:14) <\/b><\/li>\n<\/ol>\n<\/li>\n<\/ol>\n<p class=\"p1\">Nur eine <span class=\"s1\"><b><i>\u201ev\u00f6llig apostolische\u201c <\/i><\/b><\/span>Gemeinde kann das Evangelium den Armen predigen, gebrochene Herzen heilen, Befreiung den Gefangenen und die Wiederherstellung des Augenlichts den Blinden predigen, und den Zerschlagenen, dass sie frei und ledig sein sollen! <b>(Lukas 4:18) <\/b><\/p>\n<p>[\/et_pb_text][et_pb_text admin_label=&#8221;Eph 1:3&#8243; _builder_version=&#8221;4.14.8&#8243; _module_preset=&#8221;default&#8221; text_font_size=&#8221;20px&#8221; text_line_height=&#8221;1.6em&#8221; background_color=&#8221;rgba(12,113,195,0.09)&#8221; width=&#8221;40%&#8221; max_width=&#8221;40%&#8221; custom_margin=&#8221;2%|2%|2%|2%|true|true&#8221; custom_padding=&#8221;2%|2%|2%|2%|true|true&#8221; custom_css_main_element=&#8221;float: right;&#8221; global_colors_info=&#8221;{}&#8221;]<\/p>\n<p>Epheser 3:9 (SCH2000) 9 und alle dar\u00fcber zu erleuchten, welches die Gemeinschaft ist, die als Geheimnis von den Ewigkeiten her in Gott verborgen war, der alles durch Jesus Christus erschaffen hat,<\/p>\n<p>[\/et_pb_text][et_pb_text _builder_version=&#8221;4.14.8&#8243; _module_preset=&#8221;default&#8221; text_font_size=&#8221;20px&#8221; text_line_height=&#8221;1.6em&#8221; custom_margin=&#8221;||60px|||&#8221; custom_padding=&#8221;||0px|||&#8221; global_colors_info=&#8221;{}&#8221;]<\/p>\n<ul>\n<li>\n<p class=\"p1\">7 Schritte, um das <span class=\"s1\"><b><i>\u201cv\u00f6llig apostolische\u201d <\/i><\/b><\/span>Mandat in unserem eigenen Leben, Dienst, Gemeinden, St\u00e4dten und Nationen zu aktivieren:<\/p>\n<ol>\n<li class=\"p1\">Wandle im Geist! <b>(Galater 5:16-25, R\u00f6mer 8:1-4) <\/b><\/li>\n<li class=\"p1\">Bete prophetisch das Wort des Herrn! <b>(Hezekiel 37:1-14) <\/b><\/li>\n<li class=\"p1\">Sei ein Beispiel eines Gl\u00e4ubigen! <b>(1 Timotheus 4:12-16) <\/b><\/li>\n<li class=\"p1\">\u00dcbe Unterordnung radikal aus! <b>(Hebr\u00e4er 13:17, Epheser 5:21, Jakobus 4:7) <\/b><\/li>\n<li class=\"p1\">Verk\u00f6rperliche radikale Demut! <b>(Philipper 2:3-11, Jakobus 4:6, Kolosser 3:12) <\/b><\/li>\n<li class=\"p1\">Gib radikal dem Werk des Herrn! <b>(R\u00f6mer 12:1-2, Maleachi 3:10, 2 Korinther 9:6,\u00a0<\/b><b>Matth\u00e4us 6:21) <\/b><\/li>\n<li class=\"p1\">Sei mutig! <b>(Apostelgeschichte 28:31, Spr\u00fcche 28:1, Epheser 3:12, Apostelgeschichte 4:29) <\/b><\/li>\n<\/ol>\n<p class=\"p2\">Wenn wir eine <span class=\"s1\"><b><i>\u201cv\u00f6llig apostolische\u201d <\/i><\/b><\/span>Gemeinde sind, wird die Herrlichkeit des letzten Hauses gr\u00f6\u00dfer sein, als die des ersten Hauses <b>(Haggai 2:9) <\/b>und die vom Volk, so ihren Gott kennen, werden sich ermannen und es ausrichten! <b>(Daniel 11:32)<\/b><\/p>\n<\/li>\n<\/ul>\n<p>[\/et_pb_text][et_pb_text admin_label=&#8221;Gal 5 16&#8243; _builder_version=&#8221;4.14.8&#8243; _module_preset=&#8221;default&#8221; text_font_size=&#8221;16px&#8221; text_line_height=&#8221;1.6em&#8221; background_color=&#8221;rgba(12,113,195,0.09)&#8221; width=&#8221;40%&#8221; max_width=&#8221;40%&#8221; custom_margin=&#8221;2%|2%|2%|2%|true|true&#8221; custom_padding=&#8221;2%|2%|2%|2%|true|true&#8221; custom_css_main_element=&#8221;float: left;&#8221; global_colors_info=&#8221;{}&#8221; disabled_on=&#8221;on|on|on&#8221; disabled=&#8221;on&#8221;]<\/p>\n<p class=\"p1\"><strong>Galatians 5:16-25<\/strong> (SCH2000) 16 Ich sage aber: Wandelt im Geist, so werdet ihr die Lust des Fleisches nicht vollbringen.<br \/>17 Denn das Fleisch gel\u00fcstet gegen den Geist und der Geist gegen das Fleisch; und diese widerstreben einander, sodass ihr nicht das tut, was ihr wollt.<br \/>18 Wenn ihr aber vom Geist geleitet werdet, so seid ihr nicht unter dem Gesetz.<br \/>19 Offenbar sind aber die Werke des Fleisches, welche sind: Ehebruch, Unzucht, Unreinheit, Z\u00fcgellosigkeit;<br \/>20 G\u00f6tzendienst, Zauberei, Feindschaft, Streit, Eifersucht, Zorn, Selbstsucht, Zwietracht, Parteiungen;<br \/>21 Neid, Mord, Trunkenheit, Gelage und dergleichen, wovon ich euch voraussage, wie ich schon zuvor gesagt habe, dass die, welche solche Dinge tun, das Reich Gottes nicht erben werden.<br \/>22 Die Frucht des Geistes aber ist Liebe, Freude, Friede, Langmut, Freundlichkeit, G\u00fcte, Treue, Sanftmut, Selbstbeherrschung.<br \/>23 Gegen solche Dinge gibt es kein Gesetz.<br \/>24 Die aber Christus angeh\u00f6ren, die haben das Fleisch gekreuzigt samt den Leidenschaften und L\u00fcsten.<br \/>25 Wenn wir im Geist leben, so lasst uns auch im Geist wandeln.<\/p>\n<p>[\/et_pb_text][et_pb_button button_url=&#8221;https:\/\/www.felsenhaus.church#kontakt&#8221; url_new_window=&#8221;on&#8221; button_text=&#8221;Ein Bibelstudium bitte!&#8221; _builder_version=&#8221;4.10.7&#8243; custom_button=&#8221;on&#8221; button_text_size=&#8221;16px&#8221; button_text_color=&#8221;#ffffff&#8221; button_bg_color=&#8221;#ff4d54&#8243; button_border_width=&#8221;0px&#8221; button_border_radius=&#8221;100px&#8221; button_letter_spacing=&#8221;1px&#8221; button_font=&#8221;|700||on|||||&#8221; custom_padding=&#8221;14px|34px|14px|34px|true|true&#8221; animation_style=&#8221;zoom&#8221; box_shadow_style=&#8221;preset1&#8243; box_shadow_vertical=&#8221;10px&#8221; box_shadow_blur=&#8221;30px&#8221; box_shadow_color=&#8221;rgba(255,77,84,0.24)&#8221; button_letter_spacing_hover=&#8221;1px&#8221; locked=&#8221;off&#8221; global_colors_info=&#8221;{}&#8221; button_text_size__hover_enabled=&#8221;off&#8221; button_one_text_size__hover_enabled=&#8221;off&#8221; button_two_text_size__hover_enabled=&#8221;off&#8221; button_text_color__hover_enabled=&#8221;off&#8221; button_one_text_color__hover_enabled=&#8221;off&#8221; button_two_text_color__hover_enabled=&#8221;off&#8221; button_border_width__hover_enabled=&#8221;off&#8221; button_one_border_width__hover_enabled=&#8221;off&#8221; button_two_border_width__hover_enabled=&#8221;off&#8221; button_border_color__hover_enabled=&#8221;off&#8221; button_one_border_color__hover_enabled=&#8221;off&#8221; button_two_border_color__hover_enabled=&#8221;off&#8221; button_border_radius__hover_enabled=&#8221;off&#8221; button_one_border_radius__hover_enabled=&#8221;off&#8221; button_two_border_radius__hover_enabled=&#8221;off&#8221; button_letter_spacing__hover_enabled=&#8221;on&#8221; button_letter_spacing__hover=&#8221;1px&#8221; button_one_letter_spacing__hover_enabled=&#8221;off&#8221; button_two_letter_spacing__hover_enabled=&#8221;off&#8221; button_bg_color__hover_enabled=&#8221;off&#8221; button_one_bg_color__hover_enabled=&#8221;off&#8221; button_two_bg_color__hover_enabled=&#8221;off&#8221;][\/et_pb_button][\/et_pb_column][\/et_pb_row][\/et_pb_section]<\/p>\n","protected":false},"excerpt":{"rendered":"<p>Themenartikel LEBENSTILV\u00f6llig apostolischGrundlage der Christlichen Lehre[ez-toc]Urspr\u00fcnglich vom Artikel von C. G. Robinette, Stimme der Vision, 2019, 1. Ausgabe &#8211; &#8220;Wir M\u00fcssen V\u00f6llig Apostolisch Sein! &#8220;R\u00f6m 5:20-21 (SCH2000) 20 Das Gesetz aber ist daneben hereingekommen, damit das Ma\u00df der \u00dcbertretung voll w\u00fcrde. Wo aber das Ma\u00df der S\u00fcnde voll geworden ist, da ist die Gnade \u00fcberstr\u00f6mend [&hellip;]<\/p>\n","protected":false},"author":2,"featured_media":35,"comment_status":"open","ping_status":"open","sticky":false,"template":"","format":"standard","meta":{"_et_pb_use_builder":"on","_et_pb_old_content":"","_et_gb_content_width":"1080","footnotes":""},"categories":[7,17],"tags":[],"class_list":["post-718","post","type-post","status-publish","format-standard","has-post-thumbnail","hentry","category-foundations","category-gemeinde"],"_links":{"self":[{"href":"https:\/\/pfingstgemeinde-duisburg.de\/index.php?rest_route=\/wp\/v2\/posts\/718","targetHints":{"allow":["GET"]}}],"collection":[{"href":"https:\/\/pfingstgemeinde-duisburg.de\/index.php?rest_route=\/wp\/v2\/posts"}],"about":[{"href":"https:\/\/pfingstgemeinde-duisburg.de\/index.php?rest_route=\/wp\/v2\/types\/post"}],"author":[{"embeddable":true,"href":"https:\/\/pfingstgemeinde-duisburg.de\/index.php?rest_route=\/wp\/v2\/users\/2"}],"replies":[{"embeddable":true,"href":"https:\/\/pfingstgemeinde-duisburg.de\/index.php?rest_route=%2Fwp%2Fv2%2Fcomments&post=718"}],"version-history":[{"count":0,"href":"https:\/\/pfingstgemeinde-duisburg.de\/index.php?rest_route=\/wp\/v2\/posts\/718\/revisions"}],"wp:featuredmedia":[{"embeddable":true,"href":"https:\/\/pfingstgemeinde-duisburg.de\/index.php?rest_route=\/wp\/v2\/media\/35"}],"wp:attachment":[{"href":"https:\/\/pfingstgemeinde-duisburg.de\/index.php?rest_route=%2Fwp%2Fv2%2Fmedia&parent=718"}],"wp:term":[{"taxonomy":"category","embeddable":true,"href":"https:\/\/pfingstgemeinde-duisburg.de\/index.php?rest_route=%2Fwp%2Fv2%2Fcategories&post=718"},{"taxonomy":"post_tag","embeddable":true,"href":"https:\/\/pfingstgemeinde-duisburg.de\/index.php?rest_route=%2Fwp%2Fv2%2Ftags&post=718"}],"curies":[{"name":"wp","href":"https:\/\/api.w.org\/{rel}","templated":true}]}}