{"id":829,"date":"2024-01-09T01:06:12","date_gmt":"2024-01-08T23:06:12","guid":{"rendered":"https:\/\/www.felsenhaus.church\/?p=829"},"modified":"2024-01-09T01:06:12","modified_gmt":"2024-01-08T23:06:12","slug":"fasten-daniel-fasten-um-genau-zu-sein","status":"publish","type":"post","link":"https:\/\/pfingstgemeinde-duisburg.de\/?p=829","title":{"rendered":"Fasten &#8211; Daniel Fasten um Genau zu Sein"},"content":{"rendered":"<p>[et_pb_section fb_built=&#8221;1&#8243; admin_label=&#8221;Hero&#8221; _builder_version=&#8221;4.23.4&#8243; use_background_color_gradient=&#8221;on&#8221; background_color_gradient_stops=&#8221;rgba(0,0,0,0.6) 0%|rgba(0,0,0,0.6) 100%&#8221; background_color_gradient_overlays_image=&#8221;on&#8221; background_color_gradient_start=&#8221;rgba(0,0,0,0.6)&#8221; background_color_gradient_end=&#8221;rgba(0,0,0,0.6)&#8221; background_image=&#8221;https:\/\/pfingstgemeinde-duisburg.de\/wp-content\/uploads\/2021\/12\/produce-22.jpg&#8221; custom_padding=&#8221;23px|0px|27px|0px|false|false&#8221; animation_style=&#8221;zoom&#8221; animation_intensity_zoom=&#8221;4%&#8221; hover_enabled=&#8221;0&#8243; global_colors_info=&#8221;{}&#8221; title_text=&#8221;produce-22&#8243; sticky_enabled=&#8221;0&#8243;][et_pb_row _builder_version=&#8221;4.16&#8243; background_size=&#8221;initial&#8221; background_position=&#8221;top_left&#8221; background_repeat=&#8221;repeat&#8221; custom_padding=&#8221;|||&#8221; animation_style=&#8221;slide&#8221; animation_direction=&#8221;top&#8221; animation_intensity_slide=&#8221;3%&#8221; global_colors_info=&#8221;{}&#8221;][et_pb_column type=&#8221;4_4&#8243; _builder_version=&#8221;4.16&#8243; custom_padding=&#8221;|||&#8221; global_colors_info=&#8221;{}&#8221; custom_padding__hover=&#8221;|||&#8221;][et_pb_text _builder_version=&#8221;4.16&#8243; text_font=&#8221;Montserrat|500||on|||||&#8221; text_text_color=&#8221;#f7f7f7&#8243; text_font_size=&#8221;16px&#8221; text_letter_spacing=&#8221;3px&#8221; background_size=&#8221;initial&#8221; background_position=&#8221;top_left&#8221; background_repeat=&#8221;repeat&#8221; custom_margin=&#8221;|||&#8221; custom_padding=&#8221;||12px|||&#8221; animation_style=&#8221;slide&#8221; animation_direction=&#8221;bottom&#8221; locked=&#8221;off&#8221; global_colors_info=&#8221;{}&#8221;]<\/p>\n<p><strong>Themenartikel<\/strong><\/p>\n<p>LEBENSTIL<\/p>\n<p>[\/et_pb_text][et_pb_text _builder_version=&#8221;4.16&#8243; text_font=&#8221;||||||||&#8221; header_font=&#8221;Montserrat|700||on|||||&#8221; header_text_color=&#8221;#ffffff&#8221; header_font_size=&#8221;60px&#8221; header_line_height=&#8221;1.3em&#8221; header_2_font=&#8221;||||||||&#8221; background_size=&#8221;initial&#8221; background_position=&#8221;top_left&#8221; background_repeat=&#8221;repeat&#8221; custom_margin=&#8221;|-69px||-16px||&#8221; animation_style=&#8221;fade&#8221; header_font_size_last_edited=&#8221;off|desktop&#8221; locked=&#8221;off&#8221; global_colors_info=&#8221;{}&#8221;]<\/p>\n<h1>Daniel Fasten<\/h1>\n<p>[\/et_pb_text][et_pb_text _builder_version=&#8221;4.16&#8243; text_font=&#8221;||||||||&#8221; text_text_color=&#8221;#ffffff&#8221; text_font_size=&#8221;24px&#8221; text_line_height=&#8221;1.8em&#8221; use_background_color_gradient=&#8221;on&#8221; background_color_gradient_stops=&#8221;rgba(255,255,255,0.01) 0%|rgba(255,255,255,0.61) 100%&#8221; background_color_gradient_start=&#8221;rgba(255,255,255,0.01)&#8221; background_color_gradient_end=&#8221;rgba(255,255,255,0.61)&#8221; background_enable_image=&#8221;off&#8221; background_repeat=&#8221;repeat&#8221; max_width=&#8221;700px&#8221; module_alignment=&#8221;left&#8221; animation_style=&#8221;flip&#8221; animation_direction=&#8221;top&#8221; animation_intensity_flip=&#8221;20%&#8221; locked=&#8221;off&#8221; global_colors_info=&#8221;{}&#8221;]<\/p>\n<p>Unser Gebet Intensivieren<\/p>\n<p>[\/et_pb_text][\/et_pb_column][\/et_pb_row][\/et_pb_section][et_pb_section fb_built=&#8221;1&#8243; admin_label=&#8221;Text and Image&#8221; _builder_version=&#8221;4.16&#8243; background_color=&#8221;#f7f7f7&#8243; custom_padding=&#8221;14px|0px|0px|0px||&#8221; global_colors_info=&#8221;{}&#8221;][\/et_pb_section][et_pb_section fb_built=&#8221;1&#8243; _builder_version=&#8221;4.16&#8243; _module_preset=&#8221;default&#8221; custom_padding=&#8221;26px||19px|||&#8221; global_colors_info=&#8221;{}&#8221;][et_pb_row _builder_version=&#8221;4.16&#8243; _module_preset=&#8221;default&#8221; global_colors_info=&#8221;{}&#8221;][et_pb_column type=&#8221;4_4&#8243; _builder_version=&#8221;4.16&#8243; _module_preset=&#8221;default&#8221; global_colors_info=&#8221;{}&#8221;][et_pb_text admin_label=&#8221;Text&#8221; _builder_version=&#8221;4.16&#8243; _module_preset=&#8221;default&#8221; text_font_size=&#8221;20px&#8221; text_line_height=&#8221;1.6em&#8221; custom_padding=&#8221;||0px|||&#8221; locked=&#8221;off&#8221; global_colors_info=&#8221;{}&#8221;]<\/p>\n<p><span>[ez-toc]<\/span><\/p>\n<p>[\/et_pb_text][et_pb_text disabled_on=&#8221;on|on|on&#8221; _builder_version=&#8221;4.16&#8243; _module_preset=&#8221;default&#8221; disabled=&#8221;on&#8221; global_colors_info=&#8221;{}&#8221;]<\/p>\n<p>Urspr\u00fcnglich vom Artikel von C. G. Robinette, Stimme der Vision, 2019, 1. Ausgabe &#8211; &#8220;<b>Wir M\u00fcssen V\u00f6llig Apostolisch Sein! <\/b><\/p>\n<p>&#8220;<\/p>\n<p>[\/et_pb_text][et_pb_text admin_label=&#8221;Rom 5 20&#8243; _builder_version=&#8221;4.23.4&#8243; _module_preset=&#8221;default&#8221; text_font_size=&#8221;20px&#8221; text_line_height=&#8221;1.6em&#8221; background_color=&#8221;rgba(12,113,195,0.09)&#8221; width=&#8221;40%&#8221; max_width=&#8221;40%&#8221; custom_margin=&#8221;2%|2%|2%|2%|true|true&#8221; custom_padding=&#8221;2%|2%|2%|2%|true|true&#8221; custom_css_main_element=&#8221;float: right;&#8221; global_colors_info=&#8221;{}&#8221;]<\/p>\n<p>Isaiah 58:5-6<\/p>\n<p>5 Meint ihr, dass mir ein solches Fasten gef\u00e4llt, wenn der Mensch sich selbst einen Tag lang qu\u00e4lt und seinen Kopf h\u00e4ngen l\u00e4sst wie ein Schilfhalm und sich in Sacktuch und Asche bettet? Willst du das ein Fasten nennen und einen dem HERRN wohlgef\u00e4lligen Tag?\u00a0 6 Ist nicht das ein Fasten, an dem ich Gefallen habe: dass ihr ungerechte Fesseln losmacht, dass ihr die Knoten des Joches l\u00f6st, dass ihr die Unterdr\u00fcckten freilasst und jegliches Joch zerbrecht?<\/p>\n<p>[\/et_pb_text][et_pb_text admin_label=&#8221;Intro&#8221; _builder_version=&#8221;4.23.4&#8243; _module_preset=&#8221;default&#8221; text_font_size=&#8221;20px&#8221; text_line_height=&#8221;1.6em&#8221; custom_margin=&#8221;||60px|||&#8221; custom_padding=&#8221;|54px|0px|66px||&#8221; global_colors_info=&#8221;{}&#8221;]<\/p>\n<h1>Fasten Definiert<\/h1>\n<p>Das hebr\u00e4ische Wort f\u00fcr FASTEN bedeutet &#8220;den Mund bedecken&#8221;.<\/p>\n<p>Das griechische Wort f\u00fcr FASTEN bedeutet &#8220;sich enthalten&#8221;.<\/p>\n<p>&nbsp;<\/p>\n<p>Den Juden wurde von Gott das Fasten befohlen; dies veranschaulichte ihre Unterwerfung unter seinen Willen.<\/p>\n<p>&nbsp;<\/p>\n<p>Das Wort FASTEN findet sich nicht im Pentateuch, kommt aber h\u00e4ufig in den Geschichtsb\u00fcchern und den Propheten vor.<\/p>\n<p>Im Gesetz finden wir stattdessen den Ausdruck &#8220;dem\u00fctigt eure Seelen&#8221;, was die Aufopferung des pers\u00f6nlichen Willens impliziert.\u00a0\u00a0Das gibt dem Fasten seinen ganzen Wert!<\/p>\n<p>&nbsp;<\/p>\n<ul>\n<li>2Sa 12:15 David fastete w\u00e4hrend sein Sohn krank war<\/li>\n<li>1Ki 21:20 , Ahab fastete als Elijah ihn richtete.<\/li>\n<li>Ezra fastete und betete um Schutz, Ezra 8:21<\/li>\n<li>Daniel Fasten.\u00a0 Dan 1:8-13<\/li>\n<\/ul>\n<p>&nbsp;<\/p>\n<p>Daniel 1:8 (SCH2000) 8 Daniel aber nahm sich in seinem Herzen vor, sich nicht mit der feinen Speise des K\u00f6nigs und mit dem Wein, den er trank, zu verunreinigen; er erbat sich vom obersten K\u00e4mmerer, dass er sich nicht verunreinigen m\u00fcsse.<\/p>\n<p>&nbsp;<\/p>\n<p>Daniel 1:12-13 (SCH2000) 12 Versuche es doch zehn Tage lang mit deinen Knechten, dass man uns Gem\u00fcse zu essen und Wasser zu trinken gibt; 13 danach soll man vor dir unser Aussehen und das Aussehen der anderen jungen M\u00e4nner anschauen, die von der feinen Speise des K\u00f6nigs essen; nach dem, was du dann sehen wirst, handle weiter mit deinen Knechten!<\/p>\n<p>&nbsp;<\/p>\n<p>Daniel 1:12-13 (SCH2000) 12 Versuche es doch zehn Tage lang mit deinen Knechten, dass man uns Gem\u00fcse zu essen und Wasser zu trinken gibt; 13 danach soll man vor dir unser Aussehen und das Aussehen der anderen jungen M\u00e4nner anschauen, die von der feinen Speise des K\u00f6nigs essen; nach dem, was du dann sehen wirst, handle weiter mit deinen Knechten!<\/p>\n<p>&nbsp;<\/p>\n<ul>\n<li>Das 40-t\u00e4gige Fasten Jesu (Matth\u00e4us 4:1-2; Lukas 4:1-2):<\/li>\n<li>J\u00fcnger k\u00f6nnen einen D\u00e4mon nicht austreiben (Matth\u00e4us 17:14-21; Markus 9:14-29; Lukas 9:37-43<\/li>\n<li>Anna die Prophetin (Lukas 2:36-38): Anna, eine Witwe und Prophetin, wird als eine erw\u00e4hnt, die Tag und Nacht mit Fasten und Gebet im Tempel diente. Sie erkannte das Jesuskind, als Maria und Josef es in den Tempel brachten.<\/li>\n<li>Kornelius&#8217; Fasten und Gebet (Apostelgeschichte 10:30-31): fastete und betete, als ihm ein Engel erschien und ihn anwies, den Apostel Petrus zu holen.<\/li>\n<li>Die Kirche in Antiochia (Apostelgeschichte 13:1-3): Die Leiter der Kirche in Antiochia werden als fastend und betend beschrieben, schickten Paulus und Barnabas auf ihre erste Missionsreise.<\/li>\n<li>Die J\u00fcnger des Johannes und die Pharis\u00e4er (Matt 9:14-15; Mar. 2:18-20; Luk. 5:33-35): Sie fragten Jesus, warum seine J\u00fcnger nicht fasteten.<\/li>\n<li>Der Pharis\u00e4er und der Steuereintreiber (Lukas 18:9-14): Pharis\u00e4er prahlt mit seinem Fasten als Teil seiner Selbstgerechtigkeit.<\/li>\n<li>Paulus&#8217; Dienst und Ausdauer (2 Kor. 6:5; 2 Kor. 11:27): In seinen Briefen spricht er von seiner Ausdauer in verschiedenen Pr\u00fcfungen, einschlie\u00dflich Hunger und Fasten.<\/li>\n<li>\u00c4lteste in der Kirche (Apostelgeschichte 14:23): Bei der Ernennung von \u00c4ltesten in der fr\u00fchen Kirche spielten Fasten und Gebet in eine Rolle.<\/li>\n<li>Paulus und Barnabas werden ernannt (Apg 13:1-3): Die Gemeinde in Antiochia fastete und betete, bevor sie Paulus und Barnabas auf ihre erste Missionsreise schickten.<\/li>\n<\/ul>\n<p>&nbsp;<\/p>\n<h1>Daniel fastete<\/h1>\n<p>&nbsp;<\/p>\n<p>Daniel 10:2-7 (SCH2000) 2 In jenen Tagen trauerte ich, Daniel, drei Wochen lang.\u00a0 3 Ich a\u00df keine leckere Speise, und Fleisch und Wein kamen nicht \u00fcber meine Lippen, auch salbte ich mich nicht, bis die drei Wochen um waren.\u00a0 4 Aber am vierundzwanzigsten Tag des ersten Monats befand ich mich am Ufer des gro\u00dfen Stromes, das ist der Hiddekel. 5 Und ich hob meine Augen \u2026, da stand ein Mann, in Leinwand gekleidet und die Lenden mit Gold von Uphas umg\u00fcrtet. 6 Und sein Leib war wie ein Topas, und sein Angesicht strahlte wie der Blitz und seine Augen wie Feuerfackeln; 7 Und ich, Daniel, sah die Erscheinung allein; die M\u00e4nner aber, die bei mir waren, sahen die Erscheinung nicht; doch befiel sie ein so gro\u00dfer Schrecken, dass sie flohen und sich verbargen.<\/p>\n<p>&nbsp;<\/p>\n<p>Daniel 10:20-21 (SCH2000) 20 Und er sprach: Wei\u00dft du, warum ich zu dir gekommen bin? Nun will ich wieder hingehen und mit dem F\u00fcrsten von Persien k\u00e4mpfen; sobald ich aber ausziehe, siehe, so kommt der F\u00fcrst von Griechenland!\u00a0 21 Doch will ich dir verk\u00fcnden, was in dem Buch der Wahrheit aufgezeichnet ist; und kein Einziger steht mir mutig bei gegen jene als nur euer F\u00fcrst Michael.<\/p>\n<h1>Fazit<\/h1>\n<p>Daniel Fasten basiert sich auf die ART des Fasten wie in Daniel 1 beschreiben, jedoch f\u00fcr den Zeitraum beschreiben in Dan 10.\u00a0<\/p>\n<p>[\/et_pb_text][\/et_pb_column][\/et_pb_row][\/et_pb_section]<\/p>\n","protected":false},"excerpt":{"rendered":"<p>Themenartikel LEBENSTILDaniel FastenUnser Gebet Intensivieren[ez-toc]Urspr\u00fcnglich vom Artikel von C. G. Robinette, Stimme der Vision, 2019, 1. Ausgabe &#8211; &#8220;Wir M\u00fcssen V\u00f6llig Apostolisch Sein! &#8220;Isaiah 58:5-6 5 Meint ihr, dass mir ein solches Fasten gef\u00e4llt, wenn der Mensch sich selbst einen Tag lang qu\u00e4lt und seinen Kopf h\u00e4ngen l\u00e4sst wie ein Schilfhalm und sich in Sacktuch [&hellip;]<\/p>\n","protected":false},"author":2,"featured_media":284,"comment_status":"open","ping_status":"open","sticky":false,"template":"","format":"standard","meta":{"_et_pb_use_builder":"on","_et_pb_old_content":"","_et_gb_content_width":"","footnotes":""},"categories":[24,10],"tags":[],"class_list":["post-829","post","type-post","status-publish","format-standard","has-post-thumbnail","hentry","category-gebet","category-lifestyle"],"_links":{"self":[{"href":"https:\/\/pfingstgemeinde-duisburg.de\/index.php?rest_route=\/wp\/v2\/posts\/829","targetHints":{"allow":["GET"]}}],"collection":[{"href":"https:\/\/pfingstgemeinde-duisburg.de\/index.php?rest_route=\/wp\/v2\/posts"}],"about":[{"href":"https:\/\/pfingstgemeinde-duisburg.de\/index.php?rest_route=\/wp\/v2\/types\/post"}],"author":[{"embeddable":true,"href":"https:\/\/pfingstgemeinde-duisburg.de\/index.php?rest_route=\/wp\/v2\/users\/2"}],"replies":[{"embeddable":true,"href":"https:\/\/pfingstgemeinde-duisburg.de\/index.php?rest_route=%2Fwp%2Fv2%2Fcomments&post=829"}],"version-history":[{"count":0,"href":"https:\/\/pfingstgemeinde-duisburg.de\/index.php?rest_route=\/wp\/v2\/posts\/829\/revisions"}],"wp:featuredmedia":[{"embeddable":true,"href":"https:\/\/pfingstgemeinde-duisburg.de\/index.php?rest_route=\/wp\/v2\/media\/284"}],"wp:attachment":[{"href":"https:\/\/pfingstgemeinde-duisburg.de\/index.php?rest_route=%2Fwp%2Fv2%2Fmedia&parent=829"}],"wp:term":[{"taxonomy":"category","embeddable":true,"href":"https:\/\/pfingstgemeinde-duisburg.de\/index.php?rest_route=%2Fwp%2Fv2%2Fcategories&post=829"},{"taxonomy":"post_tag","embeddable":true,"href":"https:\/\/pfingstgemeinde-duisburg.de\/index.php?rest_route=%2Fwp%2Fv2%2Ftags&post=829"}],"curies":[{"name":"wp","href":"https:\/\/api.w.org\/{rel}","templated":true}]}}