{"id":836,"date":"2024-01-27T23:46:11","date_gmt":"2024-01-27T21:46:11","guid":{"rendered":"https:\/\/www.felsenhaus.church\/?p=836"},"modified":"2024-01-27T23:46:11","modified_gmt":"2024-01-27T21:46:11","slug":"uberwinden","status":"publish","type":"post","link":"https:\/\/pfingstgemeinde-duisburg.de\/?p=836","title":{"rendered":"\u00dcberwinden"},"content":{"rendered":"<p>[et_pb_section fb_built=&#8221;1&#8243; admin_label=&#8221;Hero&#8221; _builder_version=&#8221;4.24.0&#8243; use_background_color_gradient=&#8221;on&#8221; background_color_gradient_stops=&#8221;rgba(0,0,0,0.6) 0%|rgba(0,0,0,0.15) 50%|rgba(0,0,0,0.6) 100%&#8221; background_color_gradient_overlays_image=&#8221;on&#8221; background_color_gradient_start=&#8221;rgba(0,0,0,0.6)&#8221; background_color_gradient_end=&#8221;rgba(0,0,0,0.6)&#8221; background_image=&#8221;https:\/\/pfingstgemeinde-duisburg.de\/wp-content\/uploads\/2024\/01\/Overcoming.jpg&#8221; custom_padding=&#8221;23px|0px|27px|0px|false|false&#8221; animation_style=&#8221;zoom&#8221; animation_intensity_zoom=&#8221;4%&#8221; hover_enabled=&#8221;0&#8243; global_colors_info=&#8221;{}&#8221; title_text=&#8221;On Top&#8221; background_color_gradient_direction=&#8221;90deg&#8221; sticky_enabled=&#8221;0&#8243;][et_pb_row _builder_version=&#8221;4.16&#8243; background_size=&#8221;initial&#8221; background_position=&#8221;top_left&#8221; background_repeat=&#8221;repeat&#8221; custom_padding=&#8221;|||&#8221; animation_style=&#8221;slide&#8221; animation_direction=&#8221;top&#8221; animation_intensity_slide=&#8221;3%&#8221; global_colors_info=&#8221;{}&#8221;][et_pb_column type=&#8221;4_4&#8243; _builder_version=&#8221;4.16&#8243; custom_padding=&#8221;|||&#8221; global_colors_info=&#8221;{}&#8221; custom_padding__hover=&#8221;|||&#8221;][et_pb_text _builder_version=&#8221;4.16&#8243; text_font=&#8221;Montserrat|500||on|||||&#8221; text_text_color=&#8221;#f7f7f7&#8243; text_font_size=&#8221;16px&#8221; text_letter_spacing=&#8221;3px&#8221; background_size=&#8221;initial&#8221; background_position=&#8221;top_left&#8221; background_repeat=&#8221;repeat&#8221; custom_margin=&#8221;|||&#8221; custom_padding=&#8221;||12px|||&#8221; animation_style=&#8221;slide&#8221; animation_direction=&#8221;bottom&#8221; locked=&#8221;off&#8221; global_colors_info=&#8221;{}&#8221;]<\/p>\n<p><strong>Themenartikel<\/strong><\/p>\n<p>LEBENSTIL<\/p>\n<p>[\/et_pb_text][et_pb_text _builder_version=&#8221;4.16&#8243; text_font=&#8221;||||||||&#8221; header_font=&#8221;Montserrat|700||on|||||&#8221; header_text_color=&#8221;#ffffff&#8221; header_font_size=&#8221;60px&#8221; header_line_height=&#8221;1.3em&#8221; header_2_font=&#8221;||||||||&#8221; background_size=&#8221;initial&#8221; background_position=&#8221;top_left&#8221; background_repeat=&#8221;repeat&#8221; custom_margin=&#8221;|-69px||-16px||&#8221; animation_style=&#8221;fade&#8221; header_font_size_last_edited=&#8221;off|desktop&#8221; locked=&#8221;off&#8221; global_colors_info=&#8221;{}&#8221;]<\/p>\n<h1>\u00dcberwinden durch Christus<\/h1>\n<p>[\/et_pb_text][et_pb_text _builder_version=&#8221;4.16&#8243; text_font=&#8221;||||||||&#8221; text_text_color=&#8221;#ffffff&#8221; text_font_size=&#8221;24px&#8221; text_line_height=&#8221;1.8em&#8221; use_background_color_gradient=&#8221;on&#8221; background_color_gradient_stops=&#8221;rgba(255,255,255,0.01) 0%|rgba(255,255,255,0.61) 100%&#8221; background_color_gradient_start=&#8221;rgba(255,255,255,0.01)&#8221; background_color_gradient_end=&#8221;rgba(255,255,255,0.61)&#8221; background_enable_image=&#8221;off&#8221; background_repeat=&#8221;repeat&#8221; max_width=&#8221;700px&#8221; module_alignment=&#8221;left&#8221; animation_style=&#8221;flip&#8221; animation_direction=&#8221;top&#8221; animation_intensity_flip=&#8221;20%&#8221; locked=&#8221;off&#8221; global_colors_info=&#8221;{}&#8221;]<\/p>\n<p>Grundlage des Glaubens<\/p>\n<p>[\/et_pb_text][\/et_pb_column][\/et_pb_row][\/et_pb_section][et_pb_section fb_built=&#8221;1&#8243; admin_label=&#8221;Text and Image&#8221; _builder_version=&#8221;4.16&#8243; background_color=&#8221;#f7f7f7&#8243; custom_padding=&#8221;14px|0px|0px|0px||&#8221; global_colors_info=&#8221;{}&#8221;][\/et_pb_section][et_pb_section fb_built=&#8221;1&#8243; _builder_version=&#8221;4.16&#8243; _module_preset=&#8221;default&#8221; custom_padding=&#8221;26px||19px|||&#8221; global_colors_info=&#8221;{}&#8221;][et_pb_row _builder_version=&#8221;4.16&#8243; _module_preset=&#8221;default&#8221; global_colors_info=&#8221;{}&#8221;][et_pb_column type=&#8221;4_4&#8243; _builder_version=&#8221;4.16&#8243; _module_preset=&#8221;default&#8221; global_colors_info=&#8221;{}&#8221;][et_pb_text admin_label=&#8221;Text&#8221; _builder_version=&#8221;4.16&#8243; _module_preset=&#8221;default&#8221; text_font_size=&#8221;20px&#8221; text_line_height=&#8221;1.6em&#8221; custom_padding=&#8221;||0px|||&#8221; locked=&#8221;off&#8221; global_colors_info=&#8221;{}&#8221;]<\/p>\n<p><span>[ez-toc]<\/span><\/p>\n<p>[\/et_pb_text][et_pb_text _builder_version=&#8221;4.24.0&#8243; _module_preset=&#8221;default&#8221; global_colors_info=&#8221;{}&#8221;]<\/p>\n<p>Schriftstellen zum Predigt von 28 Jan 2024 von E. M. Sayers<\/p>\n<p>[\/et_pb_text][et_pb_text admin_label=&#8221;Intro&#8221; _builder_version=&#8221;4.24.0&#8243; _module_preset=&#8221;default&#8221; text_font_size=&#8221;20px&#8221; text_line_height=&#8221;1.6em&#8221; custom_margin=&#8221;||60px|||&#8221; custom_padding=&#8221;|54px|0px|66px||&#8221; global_colors_info=&#8221;{}&#8221;]<\/p>\n<h1 class=\"p2\"><strong>Daniel war \u00fcberw\u00e4ltigt (entsetzt) durch die Vision des Gerichts \u00fcber sein Volk<\/strong><\/h1>\n<p class=\"p2\"><strong>Daniel 8:27<\/strong> (SCH2000) 27 Aber ich, Daniel, lag mehrere Tage krank, ehe ich wieder aufstehen und die Gesch\u00e4fte des K\u00f6nigs besorgen konnte. Ich war aber entsetzt \u00fcber das Gesicht, und niemand verstand es.<\/p>\n<p class=\"p2\"><strong>Daniel 9:3-5<\/strong> (SCH2000) 3 Und ich wandte mein Angesicht zu Gott, dem Herrn, um ihn zu suchen mit Gebet und Flehen, mit Fasten im Sacktuch und in der Asche.<\/p>\n<p class=\"p2\">4 Ich betete aber zu dem HERRN, meinem Gott, und ich bekannte und sprach: Ach, Herr, du gro\u00dfer und furchtgebietender Gott, der den Bund und die Gnade denen bewahrt, die ihn lieben und seine Gebote bewahren!<\/p>\n<p class=\"p2\">5 Wir haben ges\u00fcndigt und haben unrecht getan und gesetzlos gehandelt; wir haben uns aufgelehnt und sind von deinen Geboten und deinen Rechtsordnungen abgewichen!<\/p>\n<h1 class=\"p2\">Jesus sprach von dem Starken \u00dcberwinder und D\u00e4monen<\/h1>\n<p class=\"p2\"><strong>Luke 11:14-26<\/strong> (SCH2000) 14 Und er trieb einen D\u00e4mon aus, und der war stumm. Es geschah aber, nachdem der D\u00e4mon ausgefahren war, redete der Stumme. Und die Volksmenge verwunderte sich.<\/p>\n<p class=\"p2\">15 Aber etliche von ihnen sprachen: Durch Beelzebul, den Obersten der D\u00e4monen, treibt er die D\u00e4monen aus!<\/p>\n<p class=\"p2\">16 Und andere versuchten ihn und verlangten von ihm ein Zeichen aus dem Himmel.<\/p>\n<p class=\"p2\">17 Er aber, da er ihre Gedanken kannte, sprach zu ihnen: Jedes Reich, das mit sich selbst uneins ist, wird verw\u00fcstet, und ein Haus, das gegen sich selbst ist, f\u00e4llt.<\/p>\n<p class=\"p2\">18 Wenn aber auch der Satan mit sich selbst uneins ist, wie kann sein Reich bestehen? Ihr sagt ja, ich treibe die D\u00e4monen durch Beelzebul aus.<\/p>\n<p class=\"p2\">19 Wenn ich aber die D\u00e4monen durch Beelzebul austreibe, durch wen treiben eure S\u00f6hne sie aus? Darum werden sie eure Richter sein.<\/p>\n<p class=\"p2\">20 Wenn ich aber die D\u00e4monen durch den Finger Gottes austreibe, so ist ja das Reich Gottes zu euch gekommen!<\/p>\n<p class=\"p2\">21 Wenn der Starke bewaffnet seinen Hof bewacht, so bleibt sein Besitztum in Frieden.<\/p>\n<p class=\"p2\"><strong>22 Wenn aber der, welcher st\u00e4rker ist als er, \u00fcber ihn kommt und ihn \u00fcberwindet, so nimmt er ihm seine Waffenr\u00fcstung, auf die er sich verlie\u00df, und verteilt seine Beute.<\/strong><\/p>\n<p class=\"p2\">23 Wer nicht mit mir ist, der ist gegen mich; und wer nicht mit mir sammelt, der zerstreut!<\/p>\n<p class=\"p2\">24 Wenn der unreine Geist von dem Menschen ausgefahren ist, so durchzieht er wasserlose Gegenden und sucht Ruhe. Und da er sie nicht findet, spricht er: Ich will zur\u00fcckkehren in mein Haus, aus dem ich weggegangen bin.<\/p>\n<p class=\"p2\">25 Und wenn er kommt, findet er es ges\u00e4ubert und geschm\u00fcckt.<\/p>\n<p class=\"p2\">26 Dann geht er hin und nimmt sieben andere Geister mit sich, die b\u00f6sartiger sind als er selbst, und sie ziehen ein und wohnen dort, und es wird der letzte Zustand dieses Menschen schlimmer als der erste.<\/p>\n<h1 class=\"p2\">Jesus Berichtet &#8211; Er hat die Welt \u00dcberwunden<\/h1>\n<p class=\"p2\"><strong>John 16:26-33<\/strong> (SCH2000) 26 An jenem Tag werdet ihr in meinem Namen bitten, und ich sage euch nicht, dass ich den Vater f\u00fcr euch bitten will;<\/p>\n<p class=\"p2\">27 denn er selbst, der Vater, hat euch lieb, weil ihr mich liebt und glaubt, dass ich von Gott ausgegangen bin.<\/p>\n<p class=\"p2\">28 Ich bin vom Vater ausgegangen und in die Welt gekommen; wiederum verlasse ich die Welt und gehe zum Vater.<\/p>\n<p class=\"p2\">29 Da sagen seine J\u00fcnger zu ihm: Siehe, jetzt redest du offen und gebrauchst kein Gleichnis!<\/p>\n<p class=\"p2\">30 Jetzt wissen wir, dass du alles wei\u00dft und es nicht n\u00f6tig hast, dass dich jemand fragt; darum glauben wir, dass du von Gott ausgegangen bist!<\/p>\n<p class=\"p2\">31 Jesus antwortete ihnen: Jetzt glaubt ihr?<\/p>\n<p class=\"p2\">32 Siehe, es kommt die Stunde, und sie ist jetzt schon da, wo ihr euch zerstreuen werdet, jeder in das Seine, und mich allein lasst; aber ich bin nicht allein, denn der Vater ist bei mir.<\/p>\n<p class=\"p2\"><strong>33 Dies habe ich zu euch geredet, damit ihr in mir Frieden habt. In der Welt habt ihr Bedr\u00e4ngnis; aber seid getrost, ich habe die Welt \u00fcberwunden!<\/strong><\/p>\n<h1 class=\"p2\">Paul: \u00fcberwinde das B\u00f6se durch das Gute<\/h1>\n<p class=\"p2\"><strong>Romans 12:19-21<\/strong> (SCH2000) 19 R\u00e4cht euch nicht selbst, Geliebte, sondern gebt Raum dem Zorn [Gottes]; denn es steht geschrieben: \u00bbMein ist die Rache; ich will vergelten, spricht der Herr\u00ab.<\/p>\n<p class=\"p2\">20 \u00bbWenn nun dein Feind Hunger hat, so gib ihm zu essen; wenn er Durst hat, dann gib ihm zu trinken! Wenn du das tust, wirst du feurige Kohlen auf sein Haupt sammeln.\u00ab<\/p>\n<p class=\"p2\">21 Lass dich nicht vom B\u00f6sen \u00fcberwinden, sondern \u00fcberwinde das B\u00f6se durch das Gute!<\/p>\n<h1 class=\"p2\">Johannes: was aus Gott geboren ist, \u00fcberwindet die Welt<\/h1>\n<p class=\"p2\"><strong>1 John 2:10-14<\/strong> (SCH2000) 10 Wer seinen Bruder liebt, der bleibt im Licht, und nichts Anst\u00f6\u00dfiges ist in ihm;<\/p>\n<p class=\"p2\">11 wer aber seinen Bruder hasst, der ist in der Finsternis und wandelt in der Finsternis und wei\u00df nicht, wohin er geht, weil die Finsternis seine Augen verblendet hat.<\/p>\n<p class=\"p2\">12 Ich schreibe euch, ihr Kinder, weil euch die S\u00fcnden vergeben sind um seines Namens willen.<\/p>\n<p class=\"p2\">13 Ich schreibe euch, ihr V\u00e4ter, weil ihr den erkannt habt, der von Anfang an ist. Ich schreibe euch, ihr jungen M\u00e4nner, weil ihr den B\u00f6sen \u00fcberwunden habt. Ich schreibe euch, ihr Kinder, weil ihr den Vater erkannt habt.<\/p>\n<p class=\"p2\">14 Ich habe euch geschrieben, ihr V\u00e4ter, weil ihr den erkannt habt, der von Anfang an ist. Ich habe euch geschrieben, ihr jungen M\u00e4nner, weil ihr stark seid und das Wort Gottes in euch bleibt und ihr den B\u00f6sen \u00fcberwunden habt.<\/p>\n<p class=\"p2\"><strong>1 John 5:4-5<\/strong> (SCH2000) 4 Denn alles, was aus Gott geboren ist, \u00fcberwindet die Welt; und unser Glaube ist der Sieg, der die Welt \u00fcberwunden hat.<\/p>\n<p class=\"p2\">5 Wer ist es, der die Welt \u00fcberwindet, wenn nicht der, welcher glaubt, dass Jesus der Sohn Gottes ist?<\/p>\n<h1 class=\"p2\">Der Sieg Geh\u00f6rt uns, und nichts kann uns von Gottes Liebe Trennen<\/h1>\n<p class=\"p2\"><strong>Romans 8:35-39 (SCH2000)<\/strong> 35 Wer will uns scheiden von der Liebe des Christus? Drangsal oder Angst oder Verfolgung oder Hunger oder Bl\u00f6\u00dfe oder Gefahr oder Schwert?<\/p>\n<p class=\"p2\">36 Wie geschrieben steht: \u00bbUm deinetwillen werden wir get\u00f6tet den ganzen Tag; wie Schlachtschafe sind wir geachtet!\u00ab<\/p>\n<p class=\"p2\"><strong>37 Aber in dem allem \u00fcberwinden wir weit durch den, der uns geliebt hat.<\/strong><\/p>\n<p class=\"p2\">38 Denn ich bin gewiss, dass weder Tod noch Leben, weder Engel noch F\u00fcrstent\u00fcmer noch Gewalten, weder Gegenw\u00e4rtiges noch Zuk\u00fcnftiges,<\/p>\n<p class=\"p2\">39 weder Hohes noch Tiefes noch irgendein anderes Gesch\u00f6pf uns zu scheiden vermag von der Liebe Gottes, die in Christus Jesus ist, unserem Herrn.<\/p>\n<p>[\/et_pb_text][et_pb_button button_url=&#8221;https:\/\/www.felsenhaus.church#kontakt&#8221; url_new_window=&#8221;on&#8221; button_text=&#8221;Ein Bibelstudium bitte!&#8221; _builder_version=&#8221;4.16&#8243; custom_button=&#8221;on&#8221; button_text_size=&#8221;16px&#8221; button_text_color=&#8221;#ffffff&#8221; button_bg_color=&#8221;#ff4d54&#8243; button_border_width=&#8221;0px&#8221; button_border_radius=&#8221;100px&#8221; button_letter_spacing=&#8221;1px&#8221; button_font=&#8221;|700||on|||||&#8221; custom_padding=&#8221;14px|34px|14px|34px|true|true&#8221; animation_style=&#8221;zoom&#8221; box_shadow_style=&#8221;preset1&#8243; box_shadow_vertical=&#8221;10px&#8221; box_shadow_blur=&#8221;30px&#8221; box_shadow_color=&#8221;rgba(255,77,84,0.24)&#8221; button_letter_spacing_hover=&#8221;1px&#8221; locked=&#8221;off&#8221; global_colors_info=&#8221;{}&#8221; button_text_size__hover_enabled=&#8221;off&#8221; button_one_text_size__hover_enabled=&#8221;off&#8221; button_two_text_size__hover_enabled=&#8221;off&#8221; button_text_color__hover_enabled=&#8221;off&#8221; button_one_text_color__hover_enabled=&#8221;off&#8221; button_two_text_color__hover_enabled=&#8221;off&#8221; button_border_width__hover_enabled=&#8221;off&#8221; button_one_border_width__hover_enabled=&#8221;off&#8221; button_two_border_width__hover_enabled=&#8221;off&#8221; button_border_color__hover_enabled=&#8221;off&#8221; button_one_border_color__hover_enabled=&#8221;off&#8221; button_two_border_color__hover_enabled=&#8221;off&#8221; button_border_radius__hover_enabled=&#8221;off&#8221; button_one_border_radius__hover_enabled=&#8221;off&#8221; button_two_border_radius__hover_enabled=&#8221;off&#8221; button_letter_spacing__hover_enabled=&#8221;on&#8221; button_letter_spacing__hover=&#8221;1px&#8221; button_one_letter_spacing__hover_enabled=&#8221;off&#8221; button_two_letter_spacing__hover_enabled=&#8221;off&#8221; button_bg_color__hover_enabled=&#8221;off&#8221; button_one_bg_color__hover_enabled=&#8221;off&#8221; button_two_bg_color__hover_enabled=&#8221;off&#8221;][\/et_pb_button][\/et_pb_column][\/et_pb_row][\/et_pb_section]<\/p>\n","protected":false},"excerpt":{"rendered":"<p>Themenartikel LEBENSTIL\u00dcberwinden durch ChristusGrundlage des Glaubens[ez-toc]Schriftstellen zum Predigt von 28 Jan 2024 von E. M. SayersDaniel war \u00fcberw\u00e4ltigt (entsetzt) durch die Vision des Gerichts \u00fcber sein Volk Daniel 8:27 (SCH2000) 27 Aber ich, Daniel, lag mehrere Tage krank, ehe ich wieder aufstehen und die Gesch\u00e4fte des K\u00f6nigs besorgen konnte. Ich war aber entsetzt \u00fcber das [&hellip;]<\/p>\n","protected":false},"author":2,"featured_media":838,"comment_status":"open","ping_status":"open","sticky":false,"template":"","format":"standard","meta":{"_et_pb_use_builder":"on","_et_pb_old_content":"","_et_gb_content_width":"","footnotes":""},"categories":[10],"tags":[],"class_list":["post-836","post","type-post","status-publish","format-standard","has-post-thumbnail","hentry","category-lifestyle"],"_links":{"self":[{"href":"https:\/\/pfingstgemeinde-duisburg.de\/index.php?rest_route=\/wp\/v2\/posts\/836","targetHints":{"allow":["GET"]}}],"collection":[{"href":"https:\/\/pfingstgemeinde-duisburg.de\/index.php?rest_route=\/wp\/v2\/posts"}],"about":[{"href":"https:\/\/pfingstgemeinde-duisburg.de\/index.php?rest_route=\/wp\/v2\/types\/post"}],"author":[{"embeddable":true,"href":"https:\/\/pfingstgemeinde-duisburg.de\/index.php?rest_route=\/wp\/v2\/users\/2"}],"replies":[{"embeddable":true,"href":"https:\/\/pfingstgemeinde-duisburg.de\/index.php?rest_route=%2Fwp%2Fv2%2Fcomments&post=836"}],"version-history":[{"count":0,"href":"https:\/\/pfingstgemeinde-duisburg.de\/index.php?rest_route=\/wp\/v2\/posts\/836\/revisions"}],"wp:featuredmedia":[{"embeddable":true,"href":"https:\/\/pfingstgemeinde-duisburg.de\/index.php?rest_route=\/wp\/v2\/media\/838"}],"wp:attachment":[{"href":"https:\/\/pfingstgemeinde-duisburg.de\/index.php?rest_route=%2Fwp%2Fv2%2Fmedia&parent=836"}],"wp:term":[{"taxonomy":"category","embeddable":true,"href":"https:\/\/pfingstgemeinde-duisburg.de\/index.php?rest_route=%2Fwp%2Fv2%2Fcategories&post=836"},{"taxonomy":"post_tag","embeddable":true,"href":"https:\/\/pfingstgemeinde-duisburg.de\/index.php?rest_route=%2Fwp%2Fv2%2Ftags&post=836"}],"curies":[{"name":"wp","href":"https:\/\/api.w.org\/{rel}","templated":true}]}}